{"id":197671,"date":"2026-06-07T17:19:09","date_gmt":"2026-06-07T17:19:09","guid":{"rendered":"https:\/\/www.europesays.com\/ee\/197671\/"},"modified":"2026-06-07T17:19:09","modified_gmt":"2026-06-07T17:19:09","slug":"elu-soit-talviku-tegi-motokrossi-mm-etapil-tippklassis-vageva-soidu","status":"publish","type":"post","link":"https:\/\/www.europesays.com\/ee\/197671\/","title":{"rendered":"\u00abElu s\u00f5it!\u00bb Talviku tegi motokrossi MM-etapil tippklassis v\u00e4geva s\u00f5idu!"},"content":{"rendered":"<p>Kahest 30 minuti pluss kahe ringi pikkusest s\u00f5idust koosnenud v\u00f5istlusp\u00e4eval oli tippklassis ehk MXGPs parim 19-aastane belglane Lucas Coenen, kes domineeris algusest l\u00f5puni, v\u00f5itis m\u00f5lemad s\u00f5idud ja kogus maksimaalsed 50 punkti.<\/p>\n<p>Esimeses s\u00f5idus l\u00f5petas Coeneni j\u00e4rel teisena hollandlane Kay de Wolf (+3,738) ja kolmandana tema kaasmaalane Jeffrey Herlings (+5,385). Neljas oli valitsev maailmameister, prantslane Romain Febvre (+26,417). L\u00e4tlane Pauls Jonass sai seitsmenda koha (+57,624).<\/p>\n<p>Talviku, kes veel s\u00f5idu keskpaigas hoidis 11. kohta, \u00fcletas fini\u0161ijoone l\u00f5pus 17ndana (+1.50). Erki Kahro oli 23ndana viimane, kes j\u00f5udis 26 mehest fini\u0161isse. Kaarel Tilk katkestas.<\/p>\n<p>Teises s\u00f5idus v\u00f5ttis Coenen taas stardiv\u00f5idu , teisena pani minema Herlings. Kuid kahekordne tippklassi maailmameister, kes hooaja eel vahetas pikaaegse s\u00f5iduriista KTMi Honda vastu, pidi tehnilise mure t\u00f5ttu teiselt kohalt katkestama.<\/p>\n<p>Febvre l\u00f5petas s\u00f5idu teisena (+8,108) ja de Wolf kolmandana (+13,586). Seega etapi kokkuv\u00f5ttes sai Coeneni j\u00e4rel teise koha de Wolf ja kolmanda Febvre.<\/p>\n<p>Talviku tegi teises s\u00f5idus vigade paranduse ning teenis kaheksanda koha, kaotades v\u00f5itjale minuti ja 21 sekundiga. Seitsmendana l\u00f5petanud Jan Pancarist j\u00e4i ta veidi \u00fcle kolme sekundi kaugusele, l\u00e4him j\u00e4litaja Kevin Horgmo kaotas talle seitsme sekundiga. Kahro sai 19. koha, Tilga starti ei tulnud.<\/p>\n","protected":false},"excerpt":{"rendered":"Kahest 30 minuti pluss kahe ringi pikkusest s\u00f5idust koosnenud v\u00f5istlusp\u00e4eval oli tippklassis ehk MXGPs parim 19-aastane belglane Lucas&hellip;\n","protected":false},"author":2,"featured_media":197672,"comment_status":"","ping_status":"","sticky":false,"template":"","format":"standard","meta":{"footnotes":"","_share_on_mastodon":"0"},"categories":[12],"tags":[26,27,37,33,35,20851,34,36,31,32,21,7535,67506,83112,28,29,60619,82526,19,25,67507,23,24,68610,22,20,30],"class_list":["post-197671","post","type-post","status-publish","format-standard","has-post-thumbnail","category-eesti","tag-breaking-news","tag-breakingnews","tag-ee","tag-eesti","tag-eesti-keel","tag-erki-kahro","tag-estonia","tag-estonian","tag-featured-news","tag-featurednews","tag-headlines","tag-jorgen-matthias-talviku","tag-kaarel-tilk","tag-kegums","tag-latest-news","tag-latestnews","tag-lucas-leok","tag-mxgp","tag-news","tag-populaarseimad-lood","tag-sebastian-leok","tag-top-stories","tag-topstories","tag-travis-leok","tag-uldised-uudised","tag-uudised","tag-viimased-uudised"],"share_on_mastodon":{"url":"https:\/\/pubeurope.com\/@ee\/116709973413651827","error":""},"_links":{"self":[{"href":"https:\/\/www.europesays.com\/ee\/wp-json\/wp\/v2\/posts\/197671","targetHints":{"allow":["GET"]}}],"collection":[{"href":"https:\/\/www.europesays.com\/ee\/wp-json\/wp\/v2\/posts"}],"about":[{"href":"https:\/\/www.europesays.com\/ee\/wp-json\/wp\/v2\/types\/post"}],"author":[{"embeddable":true,"href":"https:\/\/www.europesays.com\/ee\/wp-json\/wp\/v2\/users\/2"}],"replies":[{"embeddable":true,"href":"https:\/\/www.europesays.com\/ee\/wp-json\/wp\/v2\/comments?post=197671"}],"version-history":[{"count":0,"href":"https:\/\/www.europesays.com\/ee\/wp-json\/wp\/v2\/posts\/197671\/revisions"}],"wp:featuredmedia":[{"embeddable":true,"href":"https:\/\/www.europesays.com\/ee\/wp-json\/wp\/v2\/media\/197672"}],"wp:attachment":[{"href":"https:\/\/www.europesays.com\/ee\/wp-json\/wp\/v2\/media?parent=197671"}],"wp:term":[{"taxonomy":"category","embeddable":true,"href":"https:\/\/www.europesays.com\/ee\/wp-json\/wp\/v2\/categories?post=197671"},{"taxonomy":"post_tag","embeddable":true,"href":"https:\/\/www.europesays.com\/ee\/wp-json\/wp\/v2\/tags?post=197671"}],"curies":[{"name":"wp","href":"https:\/\/api.w.org\/{rel}","templated":true}]}}