{"id":197739,"date":"2026-06-07T19:29:15","date_gmt":"2026-06-07T19:29:15","guid":{"rendered":"https:\/\/www.europesays.com\/ee\/197739\/"},"modified":"2026-06-07T19:29:15","modified_gmt":"2026-06-07T19:29:15","slug":"intervjuu-siiani-voiduta-sarajarvi-mottekoht-kas-premium-liiga-valmistab-noori-piisavalt-hasti-ette-soccernet-ee","status":"publish","type":"post","link":"https:\/\/www.europesays.com\/ee\/197739\/","title":{"rendered":"Intervjuu | Siiani v\u00f5iduta Saraj\u00e4rvi: m\u00f5ttekoht, kas Premium liiga valmistab noori piisavalt h\u00e4sti ette &#8211; Soccernet.ee"},"content":{"rendered":"<p><img decoding=\"async\" src=\"https:\/\/www.europesays.com\/ee\/wp-content\/uploads\/2026\/06\/1780570274_1757098880.jpg\" alt=\"Jani Saraj\u00e4rvi. Foto: Katariina Peetson \/ jalgpall.ee\"\/>&#13;\n<\/p>\n<p>Eesti U21 koondis andis Balti turniiril k\u00e4est 2:0 eduseisu ja oleks \u00e4\u00e4repealt hoopis kaotanud, aga Leedu v\u00f5iduv\u00e4rav t\u00fchistati suluseisu t\u00f5ttu. Nii j\u00e4i Eesti saagiks kaks viiki &#8211; reedel 1:1 L\u00e4tiga ja n\u00fc\u00fcd 2:2 Leeduga.<\/p>\n<p>Peatreener Jani Saraj\u00e4rvi r\u00e4\u00e4kis kohtumise j\u00e4rel Soccernet.ee-le Balti turniirist, aga ka \u00fcldisemalt U21 koondise k\u00e4ek\u00e4igust, sest tegemist oli tema k\u00fcmnenda m\u00e4nguga Eesti noorte juhendajana.&#13;\n<\/p>\n<p>Eelmisel aastal koondise Sander Postilt \u00fcle v\u00f5tnud soomlase k\u00e4e all on peetud k\u00fcmme kohtumist, millest on viigistatud neli ja kaotatud kuus. Tema ametiaeg algas 1:1 viigiga maav\u00f5istluses Maltal, misj\u00e4rel peeti seitse valikm\u00e4ngu (kaks viiki ja viis kaotust v\u00e4ravate vahega 8:21) ning n\u00fc\u00fcd koguti Balti turniirilt veel kaks viiki.&#13;\n<\/p>\n<p>Tere, Jani! Sinu esimene v\u00f5it oli l\u00e4hedal, aga l\u00f5puks oli l\u00e4hedal ka kaotus. Millised on sinu esimesed m\u00f5tted?<br \/>&#13;<br \/>\nNagu Jekyll ja Hyde (viide klassikalisele teosele, mis s\u00fcmboliseerib hea ja halva koosesinemist &#8211; toim.). Oli v\u00e4ga h\u00e4id hetki, aga ka v\u00e4ga halbu hetki &#8211; \u00fcles-alla.&#13;\n<\/p>\n<p>Alustasime v\u00e4ga h\u00e4sti, mis oligi meie eesm\u00e4rk, sest meil on olnud halbu alguseid, aga n\u00fc\u00fcd alustasime superh\u00e4sti. Olin rahul k\u00f5igi m\u00e4ngijatega, aga eriti Karel Mustmaaga, kes n\u00e4itas oma klassi kahe v\u00e4ravaga ja oli alguses v\u00e4ga tugev. Siis hakkasime aga libisema. R\u00e4\u00e4kisime kuttidega selle p\u00f5hjustest. Neid on muidugi palju, aga p\u00f5hiliselt peame me meeskonnana kasvama, et me suudaks m\u00e4nge pikemalt dikteerida.<\/p>\n<p>Kui suur probleem oli v\u00e4simus teisel poolajal? Kas see oli teie nii\u00f6elda kollapsi p\u00f5hjus?<br \/>&#13;<br \/>\nKaks m\u00e4ngu kolme p\u00e4eva jooksul on igal juhul raske. T\u00e4na oli ka v\u00e4ga kuum, aga me alustasime ikkagi liikuvalt ja pressides. See avaldas m\u00f5ju ja kui me tahtsime teha vahetusi, et tuua sisse v\u00e4rskeid m\u00e4ngijaid, siis ei olnudki nad enam nii v\u00e4rsked, sest m\u00e4ngisid vaid kahe p\u00e4eva eest. Nad andsid endast parima, aga see ei ole sama, kui nad oleksid t\u00e4iesti v\u00e4rsked.&#13;\n<\/p>\n<p>Meil on t\u00e4iskasvanud professionaalsed m\u00e4ngijad, aga m\u00e4ngisime kaks m\u00e4ngu kolme p\u00e4eva jooksul &#8211; see ei ole normaalne. See ei ole hea turniiriformaat. Meil oli juba probleeme taastumisega ja vigastustega, tulevikus ei tohiks niimoodi olla. Kui profiv\u00f5istkond peab m\u00e4ngima kolme p\u00e4eva jooksul kaks m\u00e4ngu, siis \u00fctleks k\u00f5ik, et see on katastroof.&#13;\n<\/p>\n<p>Sander Alamaa sai vigastada, paistis et ta v\u00e4\u00e4nas h\u00fcppeliigest. Kui paha see paistab?<br \/>&#13;<br \/>\nTa k\u00f5nnib, nii et ma ei usu, et olukord nii paha on. Dimitri Jepihhin v\u00e4\u00e4nas samuti h\u00fcppeliigest ja Mihhail Orlov sai l\u00f6\u00f6gi selga, nii et oli hoope ja karme olukordi.&#13;\n<\/p>\n<p>K\u00f5ik teavad, kui head on Sander Alamaa ja Taavi J\u00fcrisoo palliga, aga kuidas sa hindad nende kaitseomadusi, et wing-back&#8217;idena hakkama saada?<br \/>&#13;<br \/>\nNad saavad sellega h\u00e4sti hakkama. Sander ei m\u00e4nginud palju, aga ta oli hea &#8211; ta on intelligentne m\u00e4ngija, kes oskab ka\u00a0kaitseliinis olukordi hinnata. Taavi pakub samuti palju kiirust ja agressiivsust, ta on duellides hea. Ning loomulikult toovad nad m\u00f5lemad palju r\u00fcndej\u00f5udu, nii et nad on v\u00e4ga huvitavad m\u00e4ngijad nendele positsioonidele.&#13;\n<\/p>\n<p>J\u00e4rjekordne deb\u00fc\u00fct t\u00e4na, Airo Kollolt. Kuidas sa tema esitust hindad?<br \/>&#13;<br \/>\nSelles laagris oli meil kolm deb\u00fctanti, Alamaa, [Rico] Piil ja t\u00e4na Kollo &#8211; k\u00f5ik nad tulid meeskonda h\u00e4sti. U21 koondise v\u00e4ga t\u00e4htis \u00fclesanne ongi m\u00e4ngijate arendamine ja nende karj\u00e4\u00e4ridele kaasaaitamine. Sellega oleme \u00fcsna h\u00e4sti hakkama saanud ja m\u00e4ngijad on seda vastutust kenasti kandnud.&#13;\n<\/p>\n<p>See on \u00fcheteistk\u00fcmnes U21 Balti turniir l\u00e4bi aegade ja Eesti on seni v\u00f5itnud ainult \u00fche, nii et ajalooliselt on L\u00e4ti ja Leedu olnud meist palju edukamad. Kuidas sa n\u00e4ed Baltimaade j\u00f5udude vahekorda praegusel hetkel?<br \/>&#13;<br \/>\nMeil on piisav tase, et see turniir v\u00f5ita. Meil on head m\u00e4ngijad ja ma ei \u00fctleks, et me oleme maas &#8211; me oleme konkurentsiv\u00f5imelised. V\u00e4ikesed asjad otsustasid, me oleks v\u00f5inud m\u00f5lemad m\u00e4ngud v\u00f5ita, aga ei p\u00fcsinud k\u00f5ik 90 minutit heal tasemel. Kui me oleme oma heal tasemel, on see piisav nende m\u00e4ngude v\u00f5itmiseks.&#13;\n<\/p>\n<p>Aga v\u00f5imalik aruteluteema on Premium liiga tase n\u00e4iteks\u00a0pressingul ja et kuidas see kandub \u00fcle rahvuskoondisse. Selle \u00fcle tasub ehk m\u00f5elda, kuidas meie m\u00e4ngijad jaksaksid m\u00e4ngida 90 minutit j\u00f5ulist ja intensiivset jalgpalli.<\/p>\n<p>Sinule isiklikult oli see k\u00fcmnes m\u00e4ng Eesti U21 koondise peatreenerina. Kuidas sa n\u00e4ed progressi v\u00f5rreldes sellega, kust te eelmisel aastal alustasite?<br \/>&#13;<br \/>\nProgressi hindamiseks on erinevaid vaatenurki. \u00dcheks asjaks, millest natuke juba r\u00e4\u00e4kisime, on meie t\u00e4htis \u00fclesanne m\u00e4ngijaid arendada. Mitu m\u00e4ngijat on t\u00e4naseks teinud deb\u00fc\u00fcdi A-koondises, nii et me oleme neid edasi aidanud. Loomulikult tehakse p\u00f5hiline t\u00f6\u00f6 \u00e4ra klubides, aga me \u00fcritame olla\u00a0abiks nii h\u00e4sti kui oskame. Lisaks on meil deb\u00fcteerinud palju uusi m\u00e4ngijaid, nende hulgas mitmed nooremad, kes v\u00f5ivad m\u00e4ngida ka j\u00e4rgmises ts\u00fcklis. Selle \u00fcle olen ma v\u00e4ga r\u00f5\u00f5mus, alati on hea n\u00e4ha noori edenemas.&#13;\n<\/p>\n<p>Tulemustest r\u00e4\u00e4kides oleme me ka v\u00f5istlussarjas ja see puudutab m\u00e4ngijate arengut, sest oskusliku m\u00e4ngija tegevused on otseselt seotud v\u00f5istkonna jaoks edukate tegevustega. Me ei ole siiani v\u00f5itnud ja seega\u00a0pole me ka \u00f5ppinud 90 minutit v\u00e4ga soliidselt m\u00e4ngima. Sellega ma rahul ei ole. Me peame minema v\u00e4ljakule vaimuj\u00f5uga, et me suudame olla p\u00fcsivalt tugevad. Me ei tohi m\u00f5elda, et oleme v\u00e4iksemad v\u00f5i mida iganes. Meie meelelaad peab olema tugev ja kohanemisv\u00f5imeline.&#13;\n<\/p>\n<p>M\u00e4ngust enesest r\u00e4\u00e4kides, oleme l\u00f6\u00f6nud palju v\u00e4ravaid, aga samal ajal oleme lasknud ka endale liiga palju l\u00fc\u00fca. R\u00fcndem\u00e4ng on olnud punktide teenimiseks piisavalt hea, kuid m\u00e4ngude kontrollimine, kaitsmine ja oma v\u00e4rava puhtana hoidmine pakub m\u00f5tteainet.&#13;\n<\/p>\n<p>Teine asi m\u00e4ngu osas on v\u00f5tmeolukorrad, p\u00f5him\u00f5tted ja kontseptsioonid, millele me oleme palju t\u00e4helepanu p\u00f6\u00f6ranud. Ma arvan, et need paistavad meie m\u00e4ngust v\u00e4lja, kuid v\u00f5iksid p\u00fcsida k\u00f5rgel tasemel kogu aja &#8211; praegu see alati nii ei ole. Aga on n\u00e4ha, et taustal k\u00e4ivad protsessid ning m\u00e4ngijad teevad teatud asju v\u00e4ga-v\u00e4ga h\u00e4sti. Nad peavad lihtsalt 90 minutit vastu pidama.<\/p>\n","protected":false},"excerpt":{"rendered":"&#13; Eesti U21 koondis andis Balti turniiril k\u00e4est 2:0 eduseisu ja oleks \u00e4\u00e4repealt hoopis kaotanud, aga Leedu v\u00f5iduv\u00e4rav&hellip;\n","protected":false},"author":2,"featured_media":195241,"comment_status":"","ping_status":"","sticky":false,"template":"","format":"standard","meta":{"footnotes":"","_share_on_mastodon":"0"},"categories":[18],"tags":[9597,37,33,35,7304,2639,34,36,7305,454,83126,83127,7306,159,158,7307,82730],"class_list":["post-197739","post","type-post","status-publish","format-standard","has-post-thumbnail","category-sport","tag-balti-turniir","tag-ee","tag-eesti","tag-eesti-keel","tag-eesti-u21","tag-eesti-u21-koondis","tag-estonia","tag-estonian","tag-jani-sarajarvi","tag-jarelkaja","tag-leedu-u21","tag-leedu-u21-koondis","tag-sarajarvi","tag-sport","tag-sports","tag-u21","tag-u21-balti-turniir"],"share_on_mastodon":{"url":"https:\/\/pubeurope.com\/@ee\/116710484563671581","error":""},"_links":{"self":[{"href":"https:\/\/www.europesays.com\/ee\/wp-json\/wp\/v2\/posts\/197739","targetHints":{"allow":["GET"]}}],"collection":[{"href":"https:\/\/www.europesays.com\/ee\/wp-json\/wp\/v2\/posts"}],"about":[{"href":"https:\/\/www.europesays.com\/ee\/wp-json\/wp\/v2\/types\/post"}],"author":[{"embeddable":true,"href":"https:\/\/www.europesays.com\/ee\/wp-json\/wp\/v2\/users\/2"}],"replies":[{"embeddable":true,"href":"https:\/\/www.europesays.com\/ee\/wp-json\/wp\/v2\/comments?post=197739"}],"version-history":[{"count":0,"href":"https:\/\/www.europesays.com\/ee\/wp-json\/wp\/v2\/posts\/197739\/revisions"}],"wp:featuredmedia":[{"embeddable":true,"href":"https:\/\/www.europesays.com\/ee\/wp-json\/wp\/v2\/media\/195241"}],"wp:attachment":[{"href":"https:\/\/www.europesays.com\/ee\/wp-json\/wp\/v2\/media?parent=197739"}],"wp:term":[{"taxonomy":"category","embeddable":true,"href":"https:\/\/www.europesays.com\/ee\/wp-json\/wp\/v2\/categories?post=197739"},{"taxonomy":"post_tag","embeddable":true,"href":"https:\/\/www.europesays.com\/ee\/wp-json\/wp\/v2\/tags?post=197739"}],"curies":[{"name":"wp","href":"https:\/\/api.w.org\/{rel}","templated":true}]}}