{"id":197757,"date":"2026-06-07T20:03:10","date_gmt":"2026-06-07T20:03:10","guid":{"rendered":"https:\/\/www.europesays.com\/ee\/197757\/"},"modified":"2026-06-07T20:03:10","modified_gmt":"2026-06-07T20:03:10","slug":"mm-2026-%e2%9f%a9-manchester-unitediga-liituv-mangija-voeti-viimasel-hetkel-brasiilia-koondisesse","status":"publish","type":"post","link":"https:\/\/www.europesays.com\/ee\/197757\/","title":{"rendered":"MM 2026 \u27e9 Manchester Unitediga liituv m\u00e4ngija v\u00f5eti viimasel hetkel Brasiilia koondisesse"},"content":{"rendered":"<p>L\u00f5ppenud hooajal Itaalia k\u00f5rgliigas Atalantas m\u00e4nginud Ederson tegi niiv\u00f5rd hea hooaja, et kerkis kevadel Man Unitedi huviorbiiti. L\u00f5ppeval n\u00e4dalal teatas Inglismaa meedia, et m\u00e4ngija ongi siirdumas Manchesteri. Klubi maksis tema eest 40 miljonit eurot.<\/p>\n<p>26-aastase m\u00e4ngumehe n\u00e4dal l\u00e4ks p\u00fchap\u00e4eval aga veelgi paremaks, sest peatreener Carlo Ancelotti kutsus ta Brasiilia koondisesse. Ederson sai v\u00f5imaluse, sest brasiillaste eeldatav p\u00f5hiparemkaitsja Wesley sai turniiriks valmistudes vigastada.<\/p>\n<p>Edersonist saab Man Unitedi selle suve esimene t\u00e4iendus. Eeldatavasti leitakse keskv\u00e4ljale veel v\u00e4hemalt \u00fcks mees, sest suvel lahkub klubist kaks selle positsiooni m\u00e4ngijat, neist \u00fcks on Edersoni koondisekaaslane Casemiro.<\/p>\n<p>United maksis Edersoni eest esialgu 40 miljonit eurot, kuid summa v\u00f5ib t\u00f5usta ligikaudu viie miljoni v\u00f5rra, kui Ederson t\u00e4idab talle seatud eesm\u00e4rgid. ESPN kirjutab, et poolkaitsja s\u00f5lmib klubiga lepingu, mis kehtib kuni 2030. aastani ning seda on v\u00f5imalik aasta v\u00f5rra pikendada.<\/p>\n<p>Ederson on Brasiilia koondises \u00fcsna kogenematu, olles seni k\u00e4inud v\u00e4ljakul vaid kolmes kohtumises.<\/p>\n<p>Brasiilia kuulub MMil C-alagruppi koos Maroko, \u0160otimaa ja Haitiga. Avam\u00e4ngus kohtutakse Eesti aja j\u00e4rgi 14. juunil kell 1 \u00f6\u00f6sel Marokoga.<\/p>\n","protected":false},"excerpt":{"rendered":"L\u00f5ppenud hooajal Itaalia k\u00f5rgliigas Atalantas m\u00e4nginud Ederson tegi niiv\u00f5rd hea hooaja, et kerkis kevadel Man Unitedi huviorbiiti. L\u00f5ppeval&hellip;\n","protected":false},"author":2,"featured_media":197758,"comment_status":"","ping_status":"","sticky":false,"template":"","format":"standard","meta":{"footnotes":"","_share_on_mastodon":"0"},"categories":[18],"tags":[540,29564,20985,37,33,35,34,36,1105,10349,83131,6890,159,158,3242,51776],"class_list":["post-197757","post","type-post","status-publish","format-standard","has-post-thumbnail","category-sport","tag-brasiilia","tag-carlo-ancelotti","tag-ederson","tag-ee","tag-eesti","tag-eesti-keel","tag-estonia","tag-estonian","tag-manchester-united","tag-mm-2026","tag-mm-26","tag-mm2026","tag-sport","tag-sports","tag-vigastus","tag-wesley"],"share_on_mastodon":{"url":"https:\/\/pubeurope.com\/@ee\/116710618131471229","error":""},"_links":{"self":[{"href":"https:\/\/www.europesays.com\/ee\/wp-json\/wp\/v2\/posts\/197757","targetHints":{"allow":["GET"]}}],"collection":[{"href":"https:\/\/www.europesays.com\/ee\/wp-json\/wp\/v2\/posts"}],"about":[{"href":"https:\/\/www.europesays.com\/ee\/wp-json\/wp\/v2\/types\/post"}],"author":[{"embeddable":true,"href":"https:\/\/www.europesays.com\/ee\/wp-json\/wp\/v2\/users\/2"}],"replies":[{"embeddable":true,"href":"https:\/\/www.europesays.com\/ee\/wp-json\/wp\/v2\/comments?post=197757"}],"version-history":[{"count":0,"href":"https:\/\/www.europesays.com\/ee\/wp-json\/wp\/v2\/posts\/197757\/revisions"}],"wp:featuredmedia":[{"embeddable":true,"href":"https:\/\/www.europesays.com\/ee\/wp-json\/wp\/v2\/media\/197758"}],"wp:attachment":[{"href":"https:\/\/www.europesays.com\/ee\/wp-json\/wp\/v2\/media?parent=197757"}],"wp:term":[{"taxonomy":"category","embeddable":true,"href":"https:\/\/www.europesays.com\/ee\/wp-json\/wp\/v2\/categories?post=197757"},{"taxonomy":"post_tag","embeddable":true,"href":"https:\/\/www.europesays.com\/ee\/wp-json\/wp\/v2\/tags?post=197757"}],"curies":[{"name":"wp","href":"https:\/\/api.w.org\/{rel}","templated":true}]}}