{"id":197787,"date":"2026-06-07T21:00:18","date_gmt":"2026-06-07T21:00:18","guid":{"rendered":"https:\/\/www.europesays.com\/ee\/197787\/"},"modified":"2026-06-07T21:00:18","modified_gmt":"2026-06-07T21:00:18","slug":"opec-suurendab-juuli-tootmiskvoote-majandus","status":"publish","type":"post","link":"https:\/\/www.europesays.com\/ee\/197787\/","title":{"rendered":"OPEC+ suurendab juuli tootmiskvoote | Majandus"},"content":{"rendered":"<p>Naftat tootvate riikide \u00fchenduse OPEC+ ministrid otsustasid p\u00fchap\u00e4eval t\u00f5sta juuli naftakvoote. Anal\u00fc\u00fctikute s\u00f5nul pole see piisav, et hinnad langeksid.<\/p>\n<p>Naftat tootvate riikide \u00fchenduse OPEC+ ministrid otsustasid p\u00fchap\u00e4eval t\u00f5sta juuli naftakvoote kokku 188 000 barreli v\u00f5rra p\u00e4evas. Anal\u00fc\u00fctikute s\u00f5nul ei m\u00f5juta see samm t\u00f5en\u00e4oliselt hindu, mida on kergitanud L\u00e4his-Ida s\u00f5da.<\/p>\n<p>Tootmismahu suurendamises lepiti kokku OPEC+ v\u00f5tmeriikide Saudi Araabia, Venemaa, Iraagi, Kuveidi, Kasahstani, Al\u017eeeria ja Omaani naftaministrite videokohtumisel, seisis organisatsiooni avalduses.<\/p>\n<p>Suurendamine oli sarnane varasematel kuudel otsustatuga.<\/p>\n","protected":false},"excerpt":{"rendered":"Naftat tootvate riikide \u00fchenduse OPEC+ ministrid otsustasid p\u00fchap\u00e4eval t\u00f5sta juuli naftakvoote. Anal\u00fc\u00fctikute s\u00f5nul pole see piisav, et hinnad&hellip;\n","protected":false},"author":2,"featured_media":197788,"comment_status":"","ping_status":"","sticky":false,"template":"","format":"standard","meta":{"footnotes":"","_share_on_mastodon":"0"},"categories":[80],"tags":[26,27,37,33,35,34,36,31,32,21,28,29,95,4257,19,5532,25,23,24,22,20,30,92,93,94],"class_list":["post-197787","post","type-post","status-publish","format-standard","has-post-thumbnail","category-maailm","tag-breaking-news","tag-breakingnews","tag-ee","tag-eesti","tag-eesti-keel","tag-estonia","tag-estonian","tag-featured-news","tag-featurednews","tag-headlines","tag-latest-news","tag-latestnews","tag-maailm","tag-nafta","tag-news","tag-opec","tag-populaarseimad-lood","tag-top-stories","tag-topstories","tag-uldised-uudised","tag-uudised","tag-viimased-uudised","tag-world","tag-world-news","tag-worldnews"],"share_on_mastodon":{"url":"https:\/\/pubeurope.com\/@ee\/116710842192950378","error":""},"_links":{"self":[{"href":"https:\/\/www.europesays.com\/ee\/wp-json\/wp\/v2\/posts\/197787","targetHints":{"allow":["GET"]}}],"collection":[{"href":"https:\/\/www.europesays.com\/ee\/wp-json\/wp\/v2\/posts"}],"about":[{"href":"https:\/\/www.europesays.com\/ee\/wp-json\/wp\/v2\/types\/post"}],"author":[{"embeddable":true,"href":"https:\/\/www.europesays.com\/ee\/wp-json\/wp\/v2\/users\/2"}],"replies":[{"embeddable":true,"href":"https:\/\/www.europesays.com\/ee\/wp-json\/wp\/v2\/comments?post=197787"}],"version-history":[{"count":0,"href":"https:\/\/www.europesays.com\/ee\/wp-json\/wp\/v2\/posts\/197787\/revisions"}],"wp:featuredmedia":[{"embeddable":true,"href":"https:\/\/www.europesays.com\/ee\/wp-json\/wp\/v2\/media\/197788"}],"wp:attachment":[{"href":"https:\/\/www.europesays.com\/ee\/wp-json\/wp\/v2\/media?parent=197787"}],"wp:term":[{"taxonomy":"category","embeddable":true,"href":"https:\/\/www.europesays.com\/ee\/wp-json\/wp\/v2\/categories?post=197787"},{"taxonomy":"post_tag","embeddable":true,"href":"https:\/\/www.europesays.com\/ee\/wp-json\/wp\/v2\/tags?post=197787"}],"curies":[{"name":"wp","href":"https:\/\/api.w.org\/{rel}","templated":true}]}}