{"id":197822,"date":"2026-06-07T22:38:13","date_gmt":"2026-06-07T22:38:13","guid":{"rendered":"https:\/\/www.europesays.com\/ee\/197822\/"},"modified":"2026-06-07T22:38:13","modified_gmt":"2026-06-07T22:38:13","slug":"pingilt-tousnud-itaalia-sangar-oktoobris-raagiti-meist-uht-nuud-ei-peetud-meid-favoriitidekski-aga-soccernet-ee","status":"publish","type":"post","link":"https:\/\/www.europesays.com\/ee\/197822\/","title":{"rendered":"Pingilt t\u00f5usnud Itaalia sangar: oktoobris r\u00e4\u00e4giti meist \u00fcht, n\u00fc\u00fcd ei peetud meid favoriitidekski, aga &#8230; &#8211; Soccernet.ee"},"content":{"rendered":"<p><a href=\"https:\/\/soccernet.ee\/fotod\/u17-belgia-vs-itaalia\" rel=\"nofollow noopener\" target=\"_blank\"><img decoding=\"async\" src=\"https:\/\/www.europesays.com\/ee\/wp-content\/uploads\/2026\/06\/1780863013.jpg\" alt=\"Itaalia U17 koondise poolkaitsja Marcello Fugazzola. Foto: Brit Maria Tael\"\/><\/a>&#13;\n<\/p>\n<p>Itaalia koondis v\u00f5itis Eestis peetud U17 EM-finaalturniiri. Otsustava mat\u0161i kangelaseks kerkis pingilt t\u00f5usnud Marcello Fugazzola, kes l\u00f5i sisse kaks penaltit. Ta kiitis taevani Lillek\u00fclla kogunenud publikut.<\/p>\n<p>Marcello oli enne finaali kogunud turniiril kokku 64 m\u00e4nguminutit, see-eest poolfinaalis mitte \u00fchtegi. Kuidagi juhtus aga nii, et finaaligi sekkus ta alles 87. minutil, kuid j\u00f5udis ikkagi sangariks kerkida. 90+1. minutil l\u00f5i ta itaallased t\u00e4pse penaltiga tagasi m\u00e4ngu ning j\u00e4rgnenud penaltiseeriale l\u00f5i omade esimese l\u00f6\u00f6jana v\u00f5iduka hoo sisse. Sellega v\u00f5itis Itaalia U17 koondis kolmanda EM-tiitli.&#13;\n<\/p>\n<p>&#8220;Emotsioonid on t\u00f5esti t\u00e4iesti kirjeldamatud. Isegi praegu pole see k\u00f5ik mulle t\u00e4ielikult kohale j\u00f5udnud. See on t\u00e4iesti uskumatu tunne, mida ma poleks kunagi osanud ettegi kujutada. Ja see, et oktoobris r\u00e4\u00e4giti meist \u00fcht (Itaalia p\u00e4\u00e4ses esimesest valikringist \u00fcsna vaevaliselt edasi &#8211; L. J.) &#8230; Meid ei n\u00e4htud kui \u00fcht favoriiti, aga me p\u00fcsisime fookuses ja tegime selle \u00e4ra!&#8221; s\u00e4ras Marcello Fugazzola peale m\u00e4ngu Soccernet.ee-ga vesteldes.&#13;\n<\/p>\n<p>Lillek\u00fclla kogunenud veidi \u00fcle 7000 pealtvaataja valas noor Atalanta pallur \u00fcle vaid kiidus\u00f5nadega. &#8220;Ma polnud kunagi nii suure publiku ees m\u00e4nginud, aga see oli suurep\u00e4rane tunne! V\u00e4ga paljud inimesed, kes v\u00f5ib-olla polnud isegi itaallased, elasid meile kaasa. Kohtusin ka paljude kohalike itaallastega, kes tulid lihtsalt m\u00e4ngu vaatama ja meile kaasa elama. See on t\u00e4iesti uskumatu, et kusiganes me oleme, tunneme alati toetust. Isegi need, kellest me ei oskaks seda oodatagi, toetavad meid.&#8221;<\/p>\n<p>Millest Fugazzola m\u00e4ngijana unistab? &#8220;Ma olen noorest peale unistanud v\u00f5ita Meistrite liigat, aga mu suurim unistus oleks kindlasti j\u00f5uda A-koondisesse. See tunne, et sa m\u00e4ngid kogu rahva eest. Klubis on see f\u00e4nnibaas ja tunne natuke teine. Ja miks mitte v\u00f5ita veel m\u00f5ni karikas koondisega?! See oleks suurep\u00e4rane unistus.&#8221; vastas ta ja lippas omadega tagasi juubeldama.&#13;\n<\/p>\n<p>Itaalia U17 koondise peatreener Daniele Franceschini kirjeldas, kuidas v\u00f5idu t\u00f5id tahe ja usk. &#8220;Need poisid on teinud midagi erakordset. Nad j\u00e4tsid endast k\u00f5ik v\u00e4ljakule. Olime m\u00e4ngule tulles veidi v\u00e4sinud, aga selliseid m\u00e4nge ei v\u00f5ideta tehniliste detailide ja taktikaga, vaid tahtej\u00f5uga. Poisid n\u00e4itasid, et neil on seda piisavalt,&#8221; kiitis ta, vahendab UEFA.&#13;\n<\/p>\n<p>&#8220;Me ei lakanud uskumast hetkegi. \u00dcritasime poistele \u00f5petada, et alati tuleb uskuda l\u00f5puni, j\u00e4\u00e4da tulemusest hoolimata tasakaalukaks ja j\u00e4\u00e4da truuks sellele, kes nad on, ja edasi m\u00e4ngima,&#8221; j\u00e4tkas Franceschini. &#8220;See on t\u00e4pselt see, mida nad t\u00e4na tegid. Ja see t\u00f5esti aitas, sest nad ei l\u00e4inud paanikasse, vaid hoidsid kokku ja p\u00fcsisid l\u00f5puni fookuses.&#8221;<\/p>\n","protected":false},"excerpt":{"rendered":"&#13; Itaalia koondis v\u00f5itis Eestis peetud U17 EM-finaalturniiri. Otsustava mat\u0161i kangelaseks kerkis pingilt t\u00f5usnud Marcello Fugazzola, kes l\u00f5i&hellip;\n","protected":false},"author":2,"featured_media":197823,"comment_status":"","ping_status":"","sticky":false,"template":"","format":"standard","meta":{"footnotes":"","_share_on_mastodon":"0"},"categories":[18],"tags":[83135,37,33,35,34,36,83136,83137,109,7364,83138,159,158,4028],"class_list":["post-197822","post","type-post","status-publish","format-standard","has-post-thumbnail","category-sport","tag-daniele-franceschini","tag-ee","tag-eesti","tag-eesti-keel","tag-estonia","tag-estonian","tag-franceschini","tag-fugazzola","tag-itaalia","tag-itaalia-u17","tag-marcello-fugazzola","tag-sport","tag-sports","tag-u17"],"share_on_mastodon":{"url":"https:\/\/pubeurope.com\/@ee\/116711228046293033","error":""},"_links":{"self":[{"href":"https:\/\/www.europesays.com\/ee\/wp-json\/wp\/v2\/posts\/197822","targetHints":{"allow":["GET"]}}],"collection":[{"href":"https:\/\/www.europesays.com\/ee\/wp-json\/wp\/v2\/posts"}],"about":[{"href":"https:\/\/www.europesays.com\/ee\/wp-json\/wp\/v2\/types\/post"}],"author":[{"embeddable":true,"href":"https:\/\/www.europesays.com\/ee\/wp-json\/wp\/v2\/users\/2"}],"replies":[{"embeddable":true,"href":"https:\/\/www.europesays.com\/ee\/wp-json\/wp\/v2\/comments?post=197822"}],"version-history":[{"count":0,"href":"https:\/\/www.europesays.com\/ee\/wp-json\/wp\/v2\/posts\/197822\/revisions"}],"wp:featuredmedia":[{"embeddable":true,"href":"https:\/\/www.europesays.com\/ee\/wp-json\/wp\/v2\/media\/197823"}],"wp:attachment":[{"href":"https:\/\/www.europesays.com\/ee\/wp-json\/wp\/v2\/media?parent=197822"}],"wp:term":[{"taxonomy":"category","embeddable":true,"href":"https:\/\/www.europesays.com\/ee\/wp-json\/wp\/v2\/categories?post=197822"},{"taxonomy":"post_tag","embeddable":true,"href":"https:\/\/www.europesays.com\/ee\/wp-json\/wp\/v2\/tags?post=197822"}],"curies":[{"name":"wp","href":"https:\/\/api.w.org\/{rel}","templated":true}]}}