{"id":197837,"date":"2026-06-08T00:09:11","date_gmt":"2026-06-08T00:09:11","guid":{"rendered":"https:\/\/www.europesays.com\/ee\/197837\/"},"modified":"2026-06-08T00:09:11","modified_gmt":"2026-06-08T00:09:11","slug":"motogp-seitsmekordne-maailmameister-joudis-uhke-tahiseni-motosport-2","status":"publish","type":"post","link":"https:\/\/www.europesays.com\/ee\/197837\/","title":{"rendered":"MotoGP seitsmekordne maailmameister j\u00f5udis uhke t\u00e4hiseni | Motosport"},"content":{"rendered":"<p>Mootorrataste ringrajasarja MotoGP hooaja kaheksanda etapi Ungaris v\u00f5itis seitsmekordne maailmameister Marc Marquez (Ducati Lenovo Team; 42.55,325).<\/p>\n<p>Marquez heitles esikoha nimel Pedro Acostaga (Red Bull KTM Factory Racing), kuid edestas kaasmaalast l\u00f5puks 1,343 sekundiga ning teenis k\u00f5ikide MotoGP v\u00f5istlusklasside peale karj\u00e4\u00e4ri 100. etapiv\u00f5idu. Marqueze jaoks oli \u00fchtlasi tegu esimese etapiv\u00f5iduga k\u00e4imasoleval hooajal ja kokku 74. v\u00f5iduga MotoGP p\u00f5hiklassis.<\/p>\n<p>Hispaanlaste j\u00e4rel saavutas kolmanda koha 2022. ja 2023. aasta maailmameister Francesco Bagnaia (Ducati Lenovo Team; +11,632). Sarja \u00fcldliider Marco Bezzecchi pidi juba avaringil katkestama, sest talle ja veel kahele konkurendile s\u00f5itis otsa Jorge Martin (Aprilia Racing).<\/p>\n<p>Bezzecchi s\u00e4ilitas eba\u00f5nnest hoolimata \u00fcldarvestuses esikoha (180 p). Temast 20 punkti kaugusel on Martin, kellele kaotab omakorda 22 punktiga Fabio Di Giannantonio (Pertamina Enduro VR46 Racing Team). Acosta on kokkuv\u00f5ttes neljas (132 p) ja Marquez viies (108 p).<\/p>\n<p>MotoGP hooaeg j\u00e4tkub kahe n\u00e4dala p\u00e4rast T\u0161ehhis Brno ringrajal.<\/p>\n<blockquote class=\"twitter-tweet\">\n<p lang=\"en\" dir=\"ltr\">A solid Sunday for these riders <a href=\"https:\/\/x.com\/hashtag\/HungarianGP?src=hash&amp;ref_src=twsrc%5Etfw\" rel=\"nofollow\">#HungarianGP<\/a> <a href=\"https:\/\/t.co\/1VrmwZGM4o\" rel=\"nofollow\">pic.twitter.com\/1VrmwZGM4o<\/a><\/p>\n<p>\u2014 MotoGP\u2122 (@MotoGP) <a href=\"https:\/\/x.com\/MotoGP\/status\/2063637109039059325?ref_src=twsrc%5Etfw\" rel=\"nofollow\">June 7, 2026<\/a><\/p><\/blockquote>\n<p><script async src=\"https:\/\/platform.twitter.com\/widgets.js\" charset=\"utf-8\"><\/script><\/p>\n","protected":false},"excerpt":{"rendered":"Mootorrataste ringrajasarja MotoGP hooaja kaheksanda etapi Ungaris v\u00f5itis seitsmekordne maailmameister Marc Marquez (Ducati Lenovo Team; 42.55,325). Marquez heitles&hellip;\n","protected":false},"author":2,"featured_media":197698,"comment_status":"","ping_status":"","sticky":false,"template":"","format":"standard","meta":{"footnotes":"","_share_on_mastodon":"0"},"categories":[12],"tags":[26,27,37,33,35,34,36,31,32,21,28,29,5248,12721,4880,19,25,23,24,22,20,30],"class_list":["post-197837","post","type-post","status-publish","format-standard","has-post-thumbnail","category-eesti","tag-breaking-news","tag-breakingnews","tag-ee","tag-eesti","tag-eesti-keel","tag-estonia","tag-estonian","tag-featured-news","tag-featurednews","tag-headlines","tag-latest-news","tag-latestnews","tag-marc-marquez","tag-marco-bezzecchi","tag-motogp","tag-news","tag-populaarseimad-lood","tag-top-stories","tag-topstories","tag-uldised-uudised","tag-uudised","tag-viimased-uudised"],"share_on_mastodon":{"url":"https:\/\/pubeurope.com\/@ee\/116711585360739222","error":""},"_links":{"self":[{"href":"https:\/\/www.europesays.com\/ee\/wp-json\/wp\/v2\/posts\/197837","targetHints":{"allow":["GET"]}}],"collection":[{"href":"https:\/\/www.europesays.com\/ee\/wp-json\/wp\/v2\/posts"}],"about":[{"href":"https:\/\/www.europesays.com\/ee\/wp-json\/wp\/v2\/types\/post"}],"author":[{"embeddable":true,"href":"https:\/\/www.europesays.com\/ee\/wp-json\/wp\/v2\/users\/2"}],"replies":[{"embeddable":true,"href":"https:\/\/www.europesays.com\/ee\/wp-json\/wp\/v2\/comments?post=197837"}],"version-history":[{"count":0,"href":"https:\/\/www.europesays.com\/ee\/wp-json\/wp\/v2\/posts\/197837\/revisions"}],"wp:featuredmedia":[{"embeddable":true,"href":"https:\/\/www.europesays.com\/ee\/wp-json\/wp\/v2\/media\/197698"}],"wp:attachment":[{"href":"https:\/\/www.europesays.com\/ee\/wp-json\/wp\/v2\/media?parent=197837"}],"wp:term":[{"taxonomy":"category","embeddable":true,"href":"https:\/\/www.europesays.com\/ee\/wp-json\/wp\/v2\/categories?post=197837"},{"taxonomy":"post_tag","embeddable":true,"href":"https:\/\/www.europesays.com\/ee\/wp-json\/wp\/v2\/tags?post=197837"}],"curies":[{"name":"wp","href":"https:\/\/api.w.org\/{rel}","templated":true}]}}