{"id":197838,"date":"2026-06-08T00:17:18","date_gmt":"2026-06-08T00:17:18","guid":{"rendered":"https:\/\/www.europesays.com\/ee\/197838\/"},"modified":"2026-06-08T00:17:18","modified_gmt":"2026-06-08T00:17:18","slug":"portugali-jalgpallitaht-rafael-leao-loi-mm-i-eelses-kontrollmangus-vastast-rusikaga-nakku-2","status":"publish","type":"post","link":"https:\/\/www.europesays.com\/ee\/197838\/","title":{"rendered":"Portugali jalgpallit\u00e4ht Rafael Leao l\u00f5i MM-i eelses kontrollm\u00e4ngus vastast rusikaga n\u00e4kku"},"content":{"rendered":"<p>Olukord eskaleerus avapoolaja l\u00f5pus, kui peale palli eest v\u00f5itlemist ja kokkup\u00f5rkamist tekkis s\u00f5nelus t\u0161iillase Felipe Faundezi ja portugallase Joao Cancelo vahel. Peagi sekkusid olukorda ka Leao ja Roman, kes l\u00e4ksid omavahel k\u00e4hmlema. Peale t\u00f5ukamist kaotas Leao n\u00e4rvi ning \u00e4sas Romanile rusikaga n\u00e4kku. Peakohtunik Luca Zufferli n\u00e4itas m\u00f5lemale mehele punast kaarti.<\/p>\n<p>Kui s\u00f5prusm\u00e4ngudes teenitud kaardid MM-ile \u00fcle ei kandu, siis v\u00e4givaldse k\u00e4itumise eest saab rahvusvaheline jalgpalliliit <a rel=\"noopener nofollow\" target=\"_blank\" href=\"https:\/\/www.delfi.ee\/teema\/27424517\/fifa\" tag-id=\"27424517\">FIFA<\/a> m\u00e4\u00e4rata distsiplinaarkaristuse. Kas ja missugune karistus 26-aastast <a rel=\"noopener nofollow\" target=\"_blank\" href=\"https:\/\/www.delfi.ee\/teema\/56497528\/ac-milan\" tag-id=\"56497528\">AC Milani<\/a> m\u00e4ngijat Leao\u2019d ootab, n\u00e4itab aeg.<\/p>\n<p>Portugal v\u00f5itis k\u00f5nealuse m\u00e4ngu teise poolaja v\u00e4ravatest 2:1. 58. minutil avas skoori Goncalo Guedes, 75. minutil sahistas v\u00f5rku Bruno Fernandes. T\u0161iili auv\u00e4rava l\u00f5i teisel lisaminutil Lucas Cepeda.<\/p>\n<p>Kui T\u0161iili t\u00e4navusele MM-ile ei j\u00f5udnud, siis Portugal m\u00e4ngib K-alagrupis Kongo, Usbekistani ja Kolumbiaga. Portugali jaoks algab turniir 17. juunil, kui vastamisi minnakse Kongoga. 10. juunil l\u00e4hevad nad viimases kontrollm\u00e4ngus kokku Nigeeriaga.<\/p>\n<p>Kuidas see lugu Sind end tundma pani? Saada <a href=\"https:\/\/sport.delfi.ee\/artikkel\/120589104\/portugali-jalgpallitaht-rafael-leao-loi-mm-i-eelses-kontrollmangust-vastast-rusikaga-nakku\/kommentaarid\" class=\"article-body-bottom__comment article-body-bottom__comment--write button button--primary button--size-auto\" rel=\"nofollow noopener\" target=\"_blank\"> Kommenteeri <\/a><a href=\"https:\/\/sport.delfi.ee\/artikkel\/120589104\/portugali-jalgpallitaht-rafael-leao-loi-mm-i-eelses-kontrollmangust-vastast-rusikaga-nakku\/kommentaarid\" class=\"article-body-bottom__comment article-body-bottom__comment--read button button--size-auto\" rel=\"nofollow noopener\" target=\"_blank\"> Loe kommentaare (5)<\/a><\/p>\n","protected":false},"excerpt":{"rendered":"Olukord eskaleerus avapoolaja l\u00f5pus, kui peale palli eest v\u00f5itlemist ja kokkup\u00f5rkamist tekkis s\u00f5nelus t\u0161iillase Felipe Faundezi ja portugallase&hellip;\n","protected":false},"author":2,"featured_media":197449,"comment_status":"","ping_status":"","sticky":false,"template":"","format":"standard","meta":{"footnotes":"","_share_on_mastodon":"0"},"categories":[18],"tags":[1076,37,33,35,34,36,3223,10716,159,158],"class_list":["post-197838","post","type-post","status-publish","format-standard","has-post-thumbnail","category-sport","tag-ac-milan","tag-ee","tag-eesti","tag-eesti-keel","tag-estonia","tag-estonian","tag-fifa","tag-portugali-jalgpallikoondis","tag-sport","tag-sports"],"share_on_mastodon":{"url":"https:\/\/pubeurope.com\/@ee\/116711617126229727","error":""},"_links":{"self":[{"href":"https:\/\/www.europesays.com\/ee\/wp-json\/wp\/v2\/posts\/197838","targetHints":{"allow":["GET"]}}],"collection":[{"href":"https:\/\/www.europesays.com\/ee\/wp-json\/wp\/v2\/posts"}],"about":[{"href":"https:\/\/www.europesays.com\/ee\/wp-json\/wp\/v2\/types\/post"}],"author":[{"embeddable":true,"href":"https:\/\/www.europesays.com\/ee\/wp-json\/wp\/v2\/users\/2"}],"replies":[{"embeddable":true,"href":"https:\/\/www.europesays.com\/ee\/wp-json\/wp\/v2\/comments?post=197838"}],"version-history":[{"count":0,"href":"https:\/\/www.europesays.com\/ee\/wp-json\/wp\/v2\/posts\/197838\/revisions"}],"wp:featuredmedia":[{"embeddable":true,"href":"https:\/\/www.europesays.com\/ee\/wp-json\/wp\/v2\/media\/197449"}],"wp:attachment":[{"href":"https:\/\/www.europesays.com\/ee\/wp-json\/wp\/v2\/media?parent=197838"}],"wp:term":[{"taxonomy":"category","embeddable":true,"href":"https:\/\/www.europesays.com\/ee\/wp-json\/wp\/v2\/categories?post=197838"},{"taxonomy":"post_tag","embeddable":true,"href":"https:\/\/www.europesays.com\/ee\/wp-json\/wp\/v2\/tags?post=197838"}],"curies":[{"name":"wp","href":"https:\/\/api.w.org\/{rel}","templated":true}]}}