{"id":198003,"date":"2026-06-08T06:57:10","date_gmt":"2026-06-08T06:57:10","guid":{"rendered":"https:\/\/www.europesays.com\/ee\/198003\/"},"modified":"2026-06-08T06:57:10","modified_gmt":"2026-06-08T06:57:10","slug":"filipiinide-lounaosa-raputas-maavarin-magnituudiga-78","status":"publish","type":"post","link":"https:\/\/www.europesays.com\/ee\/198003\/","title":{"rendered":"Filipiinide l\u00f5unaosa raputas maav\u00e4rin magnituudiga 7,8"},"content":{"rendered":"<p>Filipiinide president Ferdinand Marcos juunior kutsus inimesi kohe k\u00f5rgematesse kohtadesse liikuma ning hoiatused andsid ka <a rel=\"noopener nofollow\" target=\"_blank\" href=\"https:\/\/www.delfi.ee\/teema\/29270005\/indoneesia\" tag-id=\"29270005\">Indoneesia<\/a> ja <a rel=\"noopener nofollow\" target=\"_blank\" href=\"https:\/\/www.delfi.ee\/teema\/26920417\/malaisia\" tag-id=\"26920417\">Malaisia<\/a> v\u00f5imud, vahendab Associated Press.<\/p>\n<p>Esialgsetel andmetel on v\u00e4hemalt 15 inimest hukkunud ja 129 viga saanud.<\/p>\n<p>Tugevaima sel aastal Filipiine tabanud maav\u00e4rina kese asus merel umbes 13 kilomeetri kaugusel enam kui 700 000 elanikuga General Santosest edelas ning selle p\u00f5hjustas liikumine Cotabato s\u00fcvikus k\u00fcmne kilomeetri s\u00fcgavusel, teatas Filipiinide vulkanoloogia ja seismoloogia instituut. Maav\u00e4rin toimus kohaliku aja j\u00e4rgi kell 7.37, teatas insituudi direktor Teresito Bacolcol.<\/p>\n<p>Vaikse ookeani tsunamihoiatuskeskus teatas, et m\u00f5nes kohas Filipiinidel on v\u00f5imalikud kuni kolmemeetrised tsunamilained. Malaisias ja Indoneesias olid v\u00f5imalikud kuni meetrised lained.<\/p>\n<p>Bacolcoli s\u00f5nul t\u00e4heldati Sultan Kudarati ja Sarangani provintsis meetriseid laineid. Veel \u00fches provintsis oli madalamaid laineid.<\/p>\n<p>Malaisia meteoroloogiaamet andis tsunamihoiatuse <a rel=\"noopener nofollow\" target=\"_blank\" href=\"https:\/\/www.delfi.ee\/teema\/78103516\/kalimantan\" tag-id=\"78103516\">Kalimantani<\/a> saarel asuvale Sabahi osariigile.<\/p>\n<p>Indoneesia <a rel=\"noopener nofollow\" target=\"_blank\" href=\"https:\/\/www.delfi.ee\/teema\/64841646\/sulawesi\" tag-id=\"64841646\">Sulawesi<\/a> saarel m\u00f5\u00f5deti 83-sentimeetrine tsunami.<\/p>\n<p>Maav\u00e4rinale j\u00e4rgnesid j\u00e4relt\u00f5ukes magnituudiga kuni 6,5.<\/p>\n<p>Kuidas see lugu Sind end tundma pani? Saada <a href=\"https:\/\/www.delfi.ee\/artikkel\/120589214\/filipiinide-lounaosa-raputas-maavarin-magnituudiga-7-8\/kommentaarid\" class=\"article-body-bottom__comment article-body-bottom__comment--write button button--primary button--size-auto\" rel=\"nofollow noopener\" target=\"_blank\"> Kommenteeri <\/a><a href=\"https:\/\/www.delfi.ee\/artikkel\/120589214\/filipiinide-lounaosa-raputas-maavarin-magnituudiga-7-8\/kommentaarid\" class=\"article-body-bottom__comment article-body-bottom__comment--read button button--size-auto\" rel=\"nofollow noopener\" target=\"_blank\"> Loe kommentaare (2)<\/a><\/p>\n","protected":false},"excerpt":{"rendered":"Filipiinide president Ferdinand Marcos juunior kutsus inimesi kohe k\u00f5rgematesse kohtadesse liikuma ning hoiatused andsid ka Indoneesia ja Malaisia&hellip;\n","protected":false},"author":2,"featured_media":198004,"comment_status":"","ping_status":"","sticky":false,"template":"","format":"standard","meta":{"footnotes":"","_share_on_mastodon":"0"},"categories":[80],"tags":[26,27,37,33,35,34,36,31,32,6900,21,2028,2162,83155,28,29,95,1056,2026,19,83154,25,45106,1174,23,24,36665,22,20,19396,30,92,93,94],"class_list":["post-198003","post","type-post","status-publish","format-standard","has-post-thumbnail","category-maailm","tag-breaking-news","tag-breakingnews","tag-ee","tag-eesti","tag-eesti-keel","tag-estonia","tag-estonian","tag-featured-news","tag-featurednews","tag-filipiinid","tag-headlines","tag-indoneesia","tag-jaapan","tag-kalimantan","tag-latest-news","tag-latestnews","tag-maailm","tag-maavarin","tag-malaisia","tag-news","tag-paapua-uus-guinea","tag-populaarseimad-lood","tag-sulawesi","tag-taiwan","tag-top-stories","tag-topstories","tag-tsunami","tag-uldised-uudised","tag-uudised","tag-vaikne-ookean","tag-viimased-uudised","tag-world","tag-world-news","tag-worldnews"],"share_on_mastodon":{"url":"https:\/\/pubeurope.com\/@ee\/116713189968457040","error":""},"_links":{"self":[{"href":"https:\/\/www.europesays.com\/ee\/wp-json\/wp\/v2\/posts\/198003","targetHints":{"allow":["GET"]}}],"collection":[{"href":"https:\/\/www.europesays.com\/ee\/wp-json\/wp\/v2\/posts"}],"about":[{"href":"https:\/\/www.europesays.com\/ee\/wp-json\/wp\/v2\/types\/post"}],"author":[{"embeddable":true,"href":"https:\/\/www.europesays.com\/ee\/wp-json\/wp\/v2\/users\/2"}],"replies":[{"embeddable":true,"href":"https:\/\/www.europesays.com\/ee\/wp-json\/wp\/v2\/comments?post=198003"}],"version-history":[{"count":0,"href":"https:\/\/www.europesays.com\/ee\/wp-json\/wp\/v2\/posts\/198003\/revisions"}],"wp:featuredmedia":[{"embeddable":true,"href":"https:\/\/www.europesays.com\/ee\/wp-json\/wp\/v2\/media\/198004"}],"wp:attachment":[{"href":"https:\/\/www.europesays.com\/ee\/wp-json\/wp\/v2\/media?parent=198003"}],"wp:term":[{"taxonomy":"category","embeddable":true,"href":"https:\/\/www.europesays.com\/ee\/wp-json\/wp\/v2\/categories?post=198003"},{"taxonomy":"post_tag","embeddable":true,"href":"https:\/\/www.europesays.com\/ee\/wp-json\/wp\/v2\/tags?post=198003"}],"curies":[{"name":"wp","href":"https:\/\/api.w.org\/{rel}","templated":true}]}}