{"id":198037,"date":"2026-06-08T07:43:12","date_gmt":"2026-06-08T07:43:12","guid":{"rendered":"https:\/\/www.europesays.com\/ee\/198037\/"},"modified":"2026-06-08T07:43:12","modified_gmt":"2026-06-08T07:43:12","slug":"suurbritannia-prantsusmaa-saksamaa-ja-ukraina-juhid-avaldasid-viis-tingimust-oiglase-ja-kestva-rahu-jaoks","status":"publish","type":"post","link":"https:\/\/www.europesays.com\/ee\/198037\/","title":{"rendered":"Suurbritannia, Prantsusmaa, Saksamaa ja Ukraina juhid avaldasid viis tingimust \u00f5iglase ja kestva rahu jaoks"},"content":{"rendered":"<p>Avalduses korratakse vankumatut toetust Ukrainale enese kaitsmisel <a rel=\"noopener nofollow\" target=\"_blank\" href=\"https:\/\/www.delfi.ee\/teema\/3\/venemaa\" tag-id=\"3\">Venemaa<\/a> ebaseadusliku kallaletungi vastu ja j\u00e4rgmistele sammudele l\u00e4bir\u00e4\u00e4kimistel \u00f5iglase ja kestva rahu saavutamiseks. R\u00f5hutatakse, et <a rel=\"noopener nofollow\" target=\"_blank\" href=\"https:\/\/www.delfi.ee\/teema\/25138591\/euroopa\" tag-id=\"25138591\">Euroopal<\/a> kui Ukraina kindlameelsel toetajal on mistahes kokkuleppe saavutamisel m\u00e4ngida t\u00e4htis roll. K\u00f5iki j\u00f5upingutusi tuleb teha tihedaimas koost\u00f6\u00f6s Ukraina ja Euroopa laiemate partneritega nagu <a rel=\"noopener nofollow\" target=\"_blank\" href=\"https:\/\/www.delfi.ee\/teema\/22971743\/usa\" tag-id=\"22971743\">USA<\/a>.<\/p>\n<p>Avalduses tervitatakse Ukraina hiljutist edu lahinguv\u00e4ljal, sealhulgas territooriumide hiljutisi vabastamisi ja teedrajavat droonitehnoloogia kasutamist. M\u00f5istetakse hukka Venemaa ulatuslikud raketi- ja droonir\u00fcnnakud, sealhulgas rakettide <a rel=\"noopener nofollow\" target=\"_blank\" href=\"https:\/\/www.delfi.ee\/teema\/96865372\/oresnik\" tag-id=\"96865372\">Ore\u0161nik<\/a> korduv kasutamine Ukraina linnade vastu traagiliste tagaj\u00e4rgedega tsiviilelanikkonna jaoks ning Vene droonide vastutustundetud ja ohtlikud tungimised <a rel=\"noopener nofollow\" target=\"_blank\" href=\"https:\/\/www.delfi.ee\/teema\/24581263\/nato\" tag-id=\"24581263\">NATO<\/a> territooriumile.<\/p>\n<p>Kohtumisel arutati, kuidas kasutada <a rel=\"noopener nofollow\" target=\"_blank\" href=\"https:\/\/www.delfi.ee\/teema\/56942496\/g7\" tag-id=\"56942496\">G7<\/a> tulevast kohtumist \u00c9vianis, tahtekoalitsiooni kohtumist ja NATO tippkohtumist <a rel=\"noopener nofollow\" target=\"_blank\" href=\"https:\/\/www.delfi.ee\/teema\/57255938\/ankara\" tag-id=\"57255938\">Ankaras<\/a>, et koordineerida k\u00f5ige paremini edasist toetust Ukrainale teme prioriteetsete vajaduste j\u00e4rgi, sealhulgas kuidas avaldada edasi survet Venemaale s\u00f5jamajanduse asjus, ning lubati Ukrainale t\u00e4iendavat s\u00f5jalist ja kaitsetoetust NATO tippkohtumisel. R\u00f5hutati vajadust suurendada p\u00fc\u00fcdurrakettide tootmist ning arendada ballistiliste rakettide vastaseid ja kaugmaal\u00f6\u00f6kide andmise v\u00f5imekusi. Arutati ka, kuidas allianss saab \u00f5ppida Ukraina lahinguv\u00e4ljakogemustest ja kuidas suurendada pikaajalist t\u00f6\u00f6stuskoost\u00f6\u00f6d Ukrainaga Euroopa kaitse tugevdamiseks.<\/p>\n<p>R\u00f5hutati lahutamatut seost Ukraina julgeoleku, j\u00f5ukuse ja suver\u00e4\u00e4nsuse ning laiema Euro-Atlandi julgeoleku vahel.<\/p>\n<p>Mis puudutab l\u00e4bir\u00e4\u00e4kimisi, siis toodi v\u00e4lja tingimused, mis peavad olema t\u00e4idetud \u00f5iglase ja kestva rahu jaoks:<\/p>\n<ul>\n<li>\n<p>Esiteks, s\u00f5jategevuse peatamine. Venemaa valitsejat <a rel=\"noopener nofollow\" target=\"_blank\" href=\"https:\/\/www.delfi.ee\/teema\/23342331\/vladimir-putin\" tag-id=\"23342331\">Vladimir Putinit<\/a> kutsuti n\u00f5ustuma viivitamatu ja t\u00e4ieliku relvarahuga.<\/p>\n<\/li>\n<li>\n<p>Teiseks, praegune kokkupuutejoon peab olema l\u00e4bir\u00e4\u00e4kimiste alguspunkt. Rahvusvahelisi piire ei tohi j\u00f5uga muuta ning tuleb t\u00e4ielikult austada Ukraina \u00f5igust valida ise oma julgeolekukorraldus ja s\u00f5jalised liidud.<\/p>\n<\/li>\n<li>\n<p>Kolmandaks, Ukrainal peavad olema paigas tugevad ja \u00f5iguslikult siduvad julgeolekugarantiid, kui relvarahu kehtima hakkab, l\u00e4htudes <a rel=\"noopener nofollow\" target=\"_blank\" href=\"https:\/\/www.delfi.ee\/teema\/24583397\/berliin\" tag-id=\"24583397\">Berliinis<\/a> 2025. aasta detsembris ja <a rel=\"noopener nofollow\" target=\"_blank\" href=\"https:\/\/www.delfi.ee\/teema\/24287865\/pariis\" tag-id=\"24287865\">Pariisis<\/a> 2026. aasta jaanuaris v\u00f5etud kohustustest. See h\u00f5lmab mitme riigi j\u00f5udude saatmist Ukrainasse.<\/p>\n<\/li>\n<li>\n<p>Neljandaks, Venemaa varad j\u00e4\u00e4vad k\u00fclmutatuks, kuni Venemaa l\u00f5petab oma agressioonis\u00f5ja ja h\u00fcvitab Ukrainale s\u00f5jaga p\u00f5hjustatud kahju.<\/p>\n<\/li>\n<li>\n<p>Viiendaks, igasuguses kokkuleppes tuleb kaitsta Euroopa julgeolekuhuve. Mistahes Euroopa Liidu ja NATO-ga seotud l\u00e4bir\u00e4\u00e4kimiste elementidel peab olema vastavalt Euroopa Liidu ja selle liikmesriikide ning NATO liitlaste n\u00f5usolek.<\/p>\n<\/li>\n<\/ul>\n<p>Liidrid tunnustasid president Zelensk\u00f5i \u00fcleskutset l\u00f5petada s\u00f5da diplomaatiliste vahenditega l\u00e4bir\u00e4\u00e4kimiste teel, nagu on v\u00e4ljendatud tema 2026. aasta 4. juuni kirjas Putinile. Toetatakse Ukraina ja Venemaa otsedialoogi ettepanekut koos USA ja Euroopa aktiivse osalusega, et saavutada relvarahu ja toetada edasisi l\u00e4bir\u00e4\u00e4kimisi. Kinnitati, et seistakse j\u00e4tkuvalt kindlalt Ukraina k\u00f5rval.<\/p>\n<p>Kuidas see lugu Sind end tundma pani? Saada <a href=\"https:\/\/www.delfi.ee\/artikkel\/120589232\/suurbritannia-prantsusmaa-saksamaa-ja-ukraina-juhid-avaldasid-viis-tingimust-oiglase-ja-kestva-rahu-jaoks\/kommentaarid\" class=\"article-body-bottom__comment article-body-bottom__comment--write button button--primary button--size-auto\" rel=\"nofollow noopener\" target=\"_blank\"> Kommenteeri <\/a><a href=\"https:\/\/www.delfi.ee\/artikkel\/120589232\/suurbritannia-prantsusmaa-saksamaa-ja-ukraina-juhid-avaldasid-viis-tingimust-oiglase-ja-kestva-rahu-jaoks\/kommentaarid\" class=\"article-body-bottom__comment article-body-bottom__comment--read button button--size-auto\" rel=\"nofollow noopener\" target=\"_blank\"> Loe kommentaare (9)<\/a><\/p>\n","protected":false},"excerpt":{"rendered":"Avalduses korratakse vankumatut toetust Ukrainale enese kaitsmisel Venemaa ebaseadusliku kallaletungi vastu ja j\u00e4rgmistele sammudele l\u00e4bir\u00e4\u00e4kimistel \u00f5iglase ja kestva&hellip;\n","protected":false},"author":2,"featured_media":198038,"comment_status":"","ping_status":"","sticky":false,"template":"","format":"standard","meta":{"footnotes":"","_share_on_mastodon":"0"},"categories":[5],"tags":[7529,613,26,27,37,33,35,2194,34,36,112,590,31,32,1142,13528,21,993,28,29,4320,54,19,6990,125,25,52,51,107,660,23,24,262,22,325,20,96,30,661,263],"class_list":["post-198037","post","type-post","status-publish","format-standard","has-post-thumbnail","category-uldised-uudised","tag-ankara","tag-berliin","tag-breaking-news","tag-breakingnews","tag-ee","tag-eesti","tag-eesti-keel","tag-emmanuel-macron","tag-estonia","tag-estonian","tag-euroopa","tag-euroopa-liit","tag-featured-news","tag-featurednews","tag-friedrich-merz","tag-g7","tag-headlines","tag-keir-starmer","tag-latest-news","tag-latestnews","tag-london","tag-nato","tag-news","tag-oresnik","tag-pariis","tag-populaarseimad-lood","tag-prantsusmaa","tag-saksamaa","tag-soda-ukrainas","tag-suurbritannia","tag-top-stories","tag-topstories","tag-ukraina","tag-uldised-uudised","tag-usa","tag-uudised","tag-venemaa","tag-viimased-uudised","tag-vladimir-putin","tag-volodomor-zelenskoi"],"share_on_mastodon":{"url":"","error":"Validation failed: Text character limit of 500 exceeded"},"_links":{"self":[{"href":"https:\/\/www.europesays.com\/ee\/wp-json\/wp\/v2\/posts\/198037","targetHints":{"allow":["GET"]}}],"collection":[{"href":"https:\/\/www.europesays.com\/ee\/wp-json\/wp\/v2\/posts"}],"about":[{"href":"https:\/\/www.europesays.com\/ee\/wp-json\/wp\/v2\/types\/post"}],"author":[{"embeddable":true,"href":"https:\/\/www.europesays.com\/ee\/wp-json\/wp\/v2\/users\/2"}],"replies":[{"embeddable":true,"href":"https:\/\/www.europesays.com\/ee\/wp-json\/wp\/v2\/comments?post=198037"}],"version-history":[{"count":0,"href":"https:\/\/www.europesays.com\/ee\/wp-json\/wp\/v2\/posts\/198037\/revisions"}],"wp:featuredmedia":[{"embeddable":true,"href":"https:\/\/www.europesays.com\/ee\/wp-json\/wp\/v2\/media\/198038"}],"wp:attachment":[{"href":"https:\/\/www.europesays.com\/ee\/wp-json\/wp\/v2\/media?parent=198037"}],"wp:term":[{"taxonomy":"category","embeddable":true,"href":"https:\/\/www.europesays.com\/ee\/wp-json\/wp\/v2\/categories?post=198037"},{"taxonomy":"post_tag","embeddable":true,"href":"https:\/\/www.europesays.com\/ee\/wp-json\/wp\/v2\/tags?post=198037"}],"curies":[{"name":"wp","href":"https:\/\/api.w.org\/{rel}","templated":true}]}}