{"id":198041,"date":"2026-06-08T07:50:11","date_gmt":"2026-06-08T07:50:11","guid":{"rendered":"https:\/\/www.europesays.com\/ee\/198041\/"},"modified":"2026-06-08T07:50:11","modified_gmt":"2026-06-08T07:50:11","slug":"muudatused-enne-finaali-leedule-duubli-loonud-mustmaa-ja-miller-liituvad-koondisega-soccernet-ee","status":"publish","type":"post","link":"https:\/\/www.europesays.com\/ee\/198041\/","title":{"rendered":"Muudatused enne finaali: Leedule duubli l\u00f6\u00f6nud Mustmaa ja Miller liituvad koondisega &#8211; Soccernet.ee"},"content":{"rendered":"<p><img decoding=\"async\" src=\"https:\/\/www.europesays.com\/ee\/wp-content\/uploads\/2026\/06\/1774651696.jpg\" alt=\"U21 koondisega Balti turniiril osalenud Karel Mustmaa liitub A-koondisega. Foto: Liisi Troska \/ jalgpall.ee\"\/>&#13;\n<\/p>\n<p>Eesti meeste jalgpallikoondis peab aasta teise kodum\u00e4ngu teisip\u00e4eval, 9. juunil, kui Balti turniiri finaalis v\u00f5\u00f5rustatakse Leedut. P\u00e4ev enne m\u00e4ngu toimus tiimi koosseisus kaks muudatust.<\/p>\n<p>Vigastuse t\u00f5ttu lahkusid koondise juurest Mark Anders Lepik ja Rauno Sappinen, keda asendavad Karel Mustmaa ning Martin Miller.&#13;\n<\/p>\n<p>Pall pannakse m\u00e4ngu A. Le Coq Arenal homme kell 19. M\u00f5lemad meeskonnad alustasid t\u00e4navust Balti turniiri v\u00f5iduga \u2013 Eesti kohtus poolfinaalis F\u00e4\u00e4ri saartega ning v\u00f5itis Tony Varjundi v\u00e4ravast 1:0, Leedu alistas aga 1:1 l\u00f5ppenud normaalaja j\u00e4rel penaltiseerias L\u00e4ti.&#13;\n<\/p>\n<p>2024. aastal toimunud Balti turniiril l\u00e4ksid Eesti ja Leedu omavahel vastamisi finaalm\u00e4ngus. Toonane normaalaeg l\u00f5ppes 1:1 viigiga \u2013 Eesti v\u00e4ravaautoriks oli Lepik \u2013 ning penaltitega oli Eesti 4:3 \u00fcle. Eesti on v\u00f5itnud viimasest kolmest Balti turniirist kaks \u2013 2021. ja 2024. aastal. \u00dcks turniir peeti ka 2022. aasta s\u00fcgisel, toona v\u00f5idutses k\u00fclaliskoondisena v\u00f5istlema saabunud Island.<\/p>\n<p>Piletid Eesti ja Leedu vahelisele kohtumisele on m\u00fc\u00fcgil Piletilevis ja Eesti Jalgpalli Liidu kodulehel.&#13;\n<\/p>\n<p>V\u00e4ravavahid<br \/>&#13;<br \/>\nKarl Jakob Hein (13.04.2002) \u2013 SV Bremeni Werder (GER) 46\/0<br \/>&#13;<br \/>\nKaur Kivila (22.11.2003) \u2013 Tallinna FC Flora 1\/0<br \/>&#13;<br \/>\nHenri Perk (14.10.1999) \u2013 N\u00f5mme Kalju FC 0\/0&#13;\n<\/p>\n<p>Kaitsjad<br \/>&#13;<br \/>\nVlasi Sinjavski (27.11.1996) \u2013 Ostrava Banik (CZE) 49\/1<br \/>&#13;<br \/>\nM\u00e4rten Kuusk (05.04.1996) \u2013 GKS Katowice (POL) 43\/0<br \/>&#13;<br \/>\nFrank Liivak (07.07.1996) \u2013 Tallinna FCI Levadia 26\/3<br \/>&#13;<br \/>\nRasmus Peetson (03.05.1995) \u2013 Tallinna FCI Levadia 26\/2<br \/>&#13;<br \/>\nIoan Yakovlev (19.01.1998) \u2013 Panionios (GRE) 14\/1<br \/>&#13;<br \/>\nKristo Hussar (28.06.2002) \u2013 AS Trencin (SVK) 8\/0<br \/>&#13;<br \/>\nErko Jonne T\u00f5ugjas (05.07.2003) \u2013 Halmstad BK (SWE) 8\/0<br \/>&#13;<br \/>\nTanel Tammik (14.06.2002) &#8211; Tallinna FCI Levadia 2\/1<br \/>&#13;<br \/>\nMihhail Kolobov (02.03.2005) \u2013 Tallinna FC Flora 1\/0<br \/>&#13;<br \/>\nKristofer K\u00e4it (04.04.2005) \u2013 Portimonense SC (POR) 1\/0&#13;\n<\/p>\n<p>Poolkaitsjad<br \/>&#13;<br \/>\nMattias K\u00e4it (29.06.1998) \u2013 FC Thun (SUI) 65\/11<br \/>&#13;<br \/>\nMartin Miller (25.09.1997) \u2013 Paide Linnameeskond 40\/2<br \/>&#13;<br \/>\nMarkus Poom (27.02.1999) \u2013 AS Trencin 35\/0<br \/>&#13;<br \/>\nRocco Robert Shein (14.07.2003) \u2013 Fredrikstad FK (NOR) 24\/1<br \/>&#13;<br \/>\nVladislav Kreida (25.09.1999) \u2013 Tallinna FC Flora 24\/0<br \/>&#13;<br \/>\nMarkus Soomets (02.03.2000) \u2013 IK Start (NOR) 23\/0<br \/>&#13;<br \/>\nKevor Palumets (21.11.2002) \u2013 \u017deleziarne Podbrezova (SVK) 20\/1<br \/>&#13;<br \/>\nRobi Saarma (20.05.2001) \u2013 Pardubice (CZE) 15\/1<br \/>&#13;<br \/>\nPatrik Kristal (12.11.2007) \u2013 FC K\u00f6ln (GER) 13\/0&#13;\n<\/p>\n<p>R\u00fcndajad<br \/>&#13;<br \/>\nKarel Mustmaa (08.08.2005) \u2013 Thessaloniki PAOK (GRE) 4\/0<br \/>&#13;<br \/>\nMattias M\u00e4nnilaan (08.09.2001) \u2013 N\u00f5mme Kalju FC 3\/0<br \/>&#13;<br \/>\nTony Varjund (21.06.2007) \u2013 Tallinna FC Flora 1\/1&#13;\n<\/p>\n<p>Peatreener: J\u00fcrgen Henn&#13;<\/p>\n","protected":false},"excerpt":{"rendered":"&#13; Eesti meeste jalgpallikoondis peab aasta teise kodum\u00e4ngu teisip\u00e4eval, 9. juunil, kui Balti turniiri finaalis v\u00f5\u00f5rustatakse Leedut. P\u00e4ev&hellip;\n","protected":false},"author":2,"featured_media":198042,"comment_status":"","ping_status":"","sticky":false,"template":"","format":"standard","meta":{"footnotes":"","_share_on_mastodon":"0"},"categories":[18],"tags":[37,33,35,5289,5290,34,36,6886,12950,12951,4727,4730,6892,1145,1146,159,158],"class_list":["post-198041","post","type-post","status-publish","format-standard","has-post-thumbnail","category-sport","tag-ee","tag-eesti","tag-eesti-keel","tag-eesti-koondis","tag-eesti-meeste-koondis","tag-estonia","tag-estonian","tag-karel-mustmaa","tag-lepik","tag-mark-anders-lepik","tag-martin-miller","tag-miller","tag-mustmaa","tag-rauno-sappinen","tag-sappinen","tag-sport","tag-sports"],"share_on_mastodon":{"url":"https:\/\/pubeurope.com\/@ee\/116713398349777473","error":""},"_links":{"self":[{"href":"https:\/\/www.europesays.com\/ee\/wp-json\/wp\/v2\/posts\/198041","targetHints":{"allow":["GET"]}}],"collection":[{"href":"https:\/\/www.europesays.com\/ee\/wp-json\/wp\/v2\/posts"}],"about":[{"href":"https:\/\/www.europesays.com\/ee\/wp-json\/wp\/v2\/types\/post"}],"author":[{"embeddable":true,"href":"https:\/\/www.europesays.com\/ee\/wp-json\/wp\/v2\/users\/2"}],"replies":[{"embeddable":true,"href":"https:\/\/www.europesays.com\/ee\/wp-json\/wp\/v2\/comments?post=198041"}],"version-history":[{"count":0,"href":"https:\/\/www.europesays.com\/ee\/wp-json\/wp\/v2\/posts\/198041\/revisions"}],"wp:featuredmedia":[{"embeddable":true,"href":"https:\/\/www.europesays.com\/ee\/wp-json\/wp\/v2\/media\/198042"}],"wp:attachment":[{"href":"https:\/\/www.europesays.com\/ee\/wp-json\/wp\/v2\/media?parent=198041"}],"wp:term":[{"taxonomy":"category","embeddable":true,"href":"https:\/\/www.europesays.com\/ee\/wp-json\/wp\/v2\/categories?post=198041"},{"taxonomy":"post_tag","embeddable":true,"href":"https:\/\/www.europesays.com\/ee\/wp-json\/wp\/v2\/tags?post=198041"}],"curies":[{"name":"wp","href":"https:\/\/api.w.org\/{rel}","templated":true}]}}