{"id":198130,"date":"2026-06-08T09:29:06","date_gmt":"2026-06-08T09:29:06","guid":{"rendered":"https:\/\/www.europesays.com\/ee\/198130\/"},"modified":"2026-06-08T09:29:06","modified_gmt":"2026-06-08T09:29:06","slug":"kartus-osutus-toeks-mitme-polvetraumaga-voidelnud-mark-anders-lepik-vigastas-taas-rangalt-polve","status":"publish","type":"post","link":"https:\/\/www.europesays.com\/ee\/198130\/","title":{"rendered":"Kartus osutus t\u00f5eks: mitme p\u00f5lvetraumaga v\u00f5idelnud Mark Anders Lepik vigastas taas r\u00e4ngalt p\u00f5lve"},"content":{"rendered":"<p>25-aastane Lepik kuulus algkoosseisu laup\u00e4eval P\u00e4rnus toimunud Balti turniiri poolfinaalis F\u00e4\u00e4ri saarte vastu. 37. minutil oli <a rel=\"noopener nofollow\" target=\"_blank\" href=\"https:\/\/www.delfi.ee\/teema\/77512852\/parnu-vaprus\" tag-id=\"77512852\">P\u00e4rnu Vapruse<\/a> m\u00e4ngija sunnitud platsilt lahkuma.<\/p>\n<p>Lepik j\u00e4i p\u00e4rast vastaste kaitsjaga peetud duelli karistusalas murule lebama. Koheselt tulid v\u00e4ljakule arstid ning sama kiiresti sai ka selgeks, et r\u00fcndaja ei saa m\u00e4ngu j\u00e4tkata. Kui esialgu tundus, et Lepik v\u00f5is saada v\u00f5itluses valusa l\u00f6\u00f6gi, siis reaalsuses vigastas ta jalga.<\/p>\n<p>Esmasp\u00e4eval selgus paraku, et Lepikul tuvastati taas ristatisideme rebend. \u201eT\u00e4na hommikul tehtud MRT uuring kinnitas kahjuks kahtlust ning Mark Anders Lepikul tuvastati eesmise ristatisideme rebend,\u201c selgitas Eesti jalgpalliliidu avalike- ja koost\u00f6\u00f6suhete vanemspetsialist Kaarel T\u00e4ll Delfile. \u201eKui varasemalt on tema vigastused olnud seotud vasaku p\u00f5lvega, siis sel korral sai viga parem p\u00f5lv.\u201c<\/p>\n<p>P\u00e4rnu Vaprus lisas sotsiaalmeedias, et Lepik l\u00e4heb j\u00e4rgmisel n\u00e4dalal doktor Kaspar R\u00f5ivassepa operatsioonilauale. Eeldatav taastumisaeg operatsioonist on 10-12 kuud.<\/p>\n<p>Viimati pidas ta ristatisideme trauma t\u00f5ttu pikema v\u00f5istluspausi 2024. aastal, kui ta sai viga enne Slovakkiaga peetud Rahvuste liiga mat\u0161i. Ristatisideme trauma sai Lepik ka 2021. aastal Eesti koondises mat\u0161is Budapesti Ferencvarosega. T\u00f5sisem p\u00f5lvevigastus tabas Lepikut ka 2018. aastal.<\/p>\n<p>Eesti vutikoondis v\u00f5itis laup\u00e4evase mat\u0161i F\u00e4\u00e4ri saarte vastu 1:0, v\u00f5iduv\u00e4rava l\u00f5i 66. minutil Tony Varjund. Teisip\u00e4eval v\u00f5\u00f5rustab Eesti A. Le Coq Arenal Balti turniiri finaalis Leedut.<\/p>\n<p>Kuidas see lugu Sind end tundma pani? Saada <a href=\"https:\/\/sport.delfi.ee\/artikkel\/120589268\/kartus-osutus-toeks-mitme-polvetraumaga-voidelnud-mark-anders-lepik-vigastas-taas-rangalt-polve\/kommentaarid\" class=\"article-body-bottom__comment article-body-bottom__comment--write button button--primary button--size-auto\" rel=\"nofollow noopener\" target=\"_blank\"> Kommenteeri <\/a><a href=\"https:\/\/sport.delfi.ee\/artikkel\/120589268\/kartus-osutus-toeks-mitme-polvetraumaga-voidelnud-mark-anders-lepik-vigastas-taas-rangalt-polve\/kommentaarid\" class=\"article-body-bottom__comment article-body-bottom__comment--read button button--size-auto\" rel=\"nofollow noopener\" target=\"_blank\"> Loe kommentaare <\/a><\/p>\n","protected":false},"excerpt":{"rendered":"25-aastane Lepik kuulus algkoosseisu laup\u00e4eval P\u00e4rnus toimunud Balti turniiri poolfinaalis F\u00e4\u00e4ri saarte vastu. 37. minutil oli P\u00e4rnu Vapruse&hellip;\n","protected":false},"author":2,"featured_media":198131,"comment_status":"","ping_status":"","sticky":false,"template":"","format":"standard","meta":{"footnotes":"","_share_on_mastodon":"0"},"categories":[18],"tags":[37,33,5456,35,34,36,12951,1621,159,158],"class_list":["post-198130","post","type-post","status-publish","format-standard","has-post-thumbnail","category-sport","tag-ee","tag-eesti","tag-eesti-jalgpallikoondis","tag-eesti-keel","tag-estonia","tag-estonian","tag-mark-anders-lepik","tag-parnu-vaprus","tag-sport","tag-sports"],"share_on_mastodon":{"url":"https:\/\/pubeurope.com\/@ee\/116713787504014021","error":""},"_links":{"self":[{"href":"https:\/\/www.europesays.com\/ee\/wp-json\/wp\/v2\/posts\/198130","targetHints":{"allow":["GET"]}}],"collection":[{"href":"https:\/\/www.europesays.com\/ee\/wp-json\/wp\/v2\/posts"}],"about":[{"href":"https:\/\/www.europesays.com\/ee\/wp-json\/wp\/v2\/types\/post"}],"author":[{"embeddable":true,"href":"https:\/\/www.europesays.com\/ee\/wp-json\/wp\/v2\/users\/2"}],"replies":[{"embeddable":true,"href":"https:\/\/www.europesays.com\/ee\/wp-json\/wp\/v2\/comments?post=198130"}],"version-history":[{"count":0,"href":"https:\/\/www.europesays.com\/ee\/wp-json\/wp\/v2\/posts\/198130\/revisions"}],"wp:featuredmedia":[{"embeddable":true,"href":"https:\/\/www.europesays.com\/ee\/wp-json\/wp\/v2\/media\/198131"}],"wp:attachment":[{"href":"https:\/\/www.europesays.com\/ee\/wp-json\/wp\/v2\/media?parent=198130"}],"wp:term":[{"taxonomy":"category","embeddable":true,"href":"https:\/\/www.europesays.com\/ee\/wp-json\/wp\/v2\/categories?post=198130"},{"taxonomy":"post_tag","embeddable":true,"href":"https:\/\/www.europesays.com\/ee\/wp-json\/wp\/v2\/tags?post=198130"}],"curies":[{"name":"wp","href":"https:\/\/api.w.org\/{rel}","templated":true}]}}