{"id":198153,"date":"2026-06-08T09:55:08","date_gmt":"2026-06-08T09:55:08","guid":{"rendered":"https:\/\/www.europesays.com\/ee\/198153\/"},"modified":"2026-06-08T09:55:08","modified_gmt":"2026-06-08T09:55:08","slug":"kiiret-paranemist-lepik-rebestas-uuesti-polve-ristatisideme-soccernet-ee","status":"publish","type":"post","link":"https:\/\/www.europesays.com\/ee\/198153\/","title":{"rendered":"Kiiret paranemist! Lepik rebestas uuesti p\u00f5lve ristatisideme &#8211; Soccernet.ee"},"content":{"rendered":"<p><img decoding=\"async\" src=\"https:\/\/www.europesays.com\/ee\/wp-content\/uploads\/2026\/06\/1780764992.jpg\" alt=\"Mark Anders Lepikut ootab ees vigastuspaus. Foto: Liisi Troska \/ jalgpall.ee\"\/>&#13;\n<\/p>\n<p>Eesti meeste koondise ja P\u00e4rnu Vapruse r\u00fcndaja Mark Anders Lepik avastati Balti turniiri avam\u00e4ngu j\u00e4rel p\u00f5lves\u00a0eesmise ristatisideme rebend.<\/p>\n<p>25-aastase Lepiku jaoks sai Balti turniiri poolfinaalm\u00e4ng F\u00e4\u00e4ri saarte vastu m\u00f6\u00f6dunud laup\u00e4eval enneaegse l\u00f5pu, kui ta tuli 37. minutil v\u00e4lja vahetada. Esmapilgul v\u00f5is tunduda, et algkoosseisus alustanud Lepik sai vastaselt hoobi peapiirkonda, ent murul lebades hoidis ta kinni jalast.&#13;\n<\/p>\n<p>Eesti Jalgpalli Liidu avalike- ja koost\u00f6\u00f6suhete vanemspetsialist Kaarel T\u00e4ll kinnitas Soccernet.ee-le, et 11-kordne internatsionaal Lepik on p\u00f5lvevigastusega eemal. &#8220;T\u00e4na hommikul tehtud MRT uuring kinnitas kahjuks kahtlust ning Lepikul tuvastati eesmise ristatisideme rebend. Kui varasemalt on tema vigastused olnud seotud vasaku p\u00f5lvega, siis sel korral sai viga parem p\u00f5lv,&#8221; s\u00f5nas T\u00e4ll kirjalikus vastuses.&#13;\n<\/p>\n<p>Vaprus kirjutas sotsiaalmeediasse tehtud postituses, et uuel n\u00e4dalal ootab Lepikut operatsioon, millest taastumine v\u00f5tab aega 10 kuni 12 kuud.<\/p>\n<p>Lepik on varem olnud erinevate p\u00f5lvevigastustega juba kolm korda \u2014 2018., 2021. ja 2024. aastal. T\u00e4navu asus kesktormaja valitseva meisterklubi Tallinna Flora ridadest m\u00e4nguaega teenima P\u00e4rnu Vaprusesse, kus tal on kirjas 13 liigam\u00e4ngu, kaks v\u00e4ravat ja kaks resultatiivset s\u00f6\u00f6tu.&#13;\n<\/p>\n<p>Lepiku asemele kutsuti koondisesse 20-aastane Karel Mustmaa, kes skooris U21 koondise eest Balti turniiril Leedu eakaaslaste vastu kaks v\u00e4ravat.&#13;<\/p>\n","protected":false},"excerpt":{"rendered":"&#13; Eesti meeste koondise ja P\u00e4rnu Vapruse r\u00fcndaja Mark Anders Lepik avastati Balti turniiri avam\u00e4ngu j\u00e4rel p\u00f5lves\u00a0eesmise ristatisideme&hellip;\n","protected":false},"author":2,"featured_media":198154,"comment_status":"","ping_status":"","sticky":false,"template":"","format":"standard","meta":{"footnotes":"","_share_on_mastodon":"0"},"categories":[5],"tags":[83186,26,27,37,33,35,5289,5290,34,36,31,32,21,28,29,12950,12951,19,24528,5486,25,83187,23,24,22,20,3242,30],"class_list":["post-198153","post","type-post","status-publish","format-standard","has-post-thumbnail","category-uldised-uudised","tag-acl","tag-breaking-news","tag-breakingnews","tag-ee","tag-eesti","tag-eesti-keel","tag-eesti-koondis","tag-eesti-meeste-koondis","tag-estonia","tag-estonian","tag-featured-news","tag-featurednews","tag-headlines","tag-latest-news","tag-latestnews","tag-lepik","tag-mark-anders-lepik","tag-news","tag-polv","tag-polvevigastus","tag-populaarseimad-lood","tag-ristatiside","tag-top-stories","tag-topstories","tag-uldised-uudised","tag-uudised","tag-vigastus","tag-viimased-uudised"],"share_on_mastodon":{"url":"https:\/\/pubeurope.com\/@ee\/116713889954121643","error":""},"_links":{"self":[{"href":"https:\/\/www.europesays.com\/ee\/wp-json\/wp\/v2\/posts\/198153","targetHints":{"allow":["GET"]}}],"collection":[{"href":"https:\/\/www.europesays.com\/ee\/wp-json\/wp\/v2\/posts"}],"about":[{"href":"https:\/\/www.europesays.com\/ee\/wp-json\/wp\/v2\/types\/post"}],"author":[{"embeddable":true,"href":"https:\/\/www.europesays.com\/ee\/wp-json\/wp\/v2\/users\/2"}],"replies":[{"embeddable":true,"href":"https:\/\/www.europesays.com\/ee\/wp-json\/wp\/v2\/comments?post=198153"}],"version-history":[{"count":0,"href":"https:\/\/www.europesays.com\/ee\/wp-json\/wp\/v2\/posts\/198153\/revisions"}],"wp:featuredmedia":[{"embeddable":true,"href":"https:\/\/www.europesays.com\/ee\/wp-json\/wp\/v2\/media\/198154"}],"wp:attachment":[{"href":"https:\/\/www.europesays.com\/ee\/wp-json\/wp\/v2\/media?parent=198153"}],"wp:term":[{"taxonomy":"category","embeddable":true,"href":"https:\/\/www.europesays.com\/ee\/wp-json\/wp\/v2\/categories?post=198153"},{"taxonomy":"post_tag","embeddable":true,"href":"https:\/\/www.europesays.com\/ee\/wp-json\/wp\/v2\/tags?post=198153"}],"curies":[{"name":"wp","href":"https:\/\/api.w.org\/{rel}","templated":true}]}}