{"id":198246,"date":"2026-06-08T11:45:11","date_gmt":"2026-06-08T11:45:11","guid":{"rendered":"https:\/\/www.europesays.com\/ee\/198246\/"},"modified":"2026-06-08T11:45:11","modified_gmt":"2026-06-08T11:45:11","slug":"liiklusmarkide-kadumine-jattis-festivali-korraldajatele-suhu-moru-maigu","status":"publish","type":"post","link":"https:\/\/www.europesays.com\/ee\/198246\/","title":{"rendered":"Liiklusm\u00e4rkide kadumine j\u00e4ttis festivali korraldajatele suhu m\u00f5ru maigu"},"content":{"rendered":"<p>Nagu \u00dclem\u00f5isas lastefestivali ja laada korraldanud Aire ja Riho V\u00e4\u00e4rsi on \u00f6elnud, on kogukonnale kokkusaamised olulised. Nii otsustasidki nad suuremat sorti \u00fcrituse ette v\u00f5tta. Laup\u00e4eva esimene pool oli p\u00fchendatud lastele ja laadale ning \u00f5htul peeti suve alguse pidu. P\u00fchap\u00e4eval andis aga Halliste s\u00f6\u00f6kla meeskond Facebookis teada oma pettumusest, sest keegi oli varastanud liiklusohutuse tagamiseks renditud m\u00e4rgid.<\/p>\n<p>Aire V\u00e4\u00e4rsi r\u00e4\u00e4kis Sakalale, et laup\u00e4eva varahommikul paigaldatud liiklusm\u00e4rgid olid Tartust renditud ning p\u00fchap\u00e4eva varahommikul M\u00f5isak\u00fclla s\u00f5ites m\u00e4rkasid nad mehega, et need on kadunud.<\/p>\n<p>Kadunud oli neli kiiruspiirangu m\u00e4rki, \u00fcks post ja \u00fcks kivi. Esmasp\u00e4evaks oli kolm liiklusm\u00e4rki koos posti ja kiviga \u00f5nnestunud vihjete abil \u00fcles leida. &#8220;\u00dcks m\u00e4rkidest leiti kaugemalt p\u00f5llu pealt. \u00dcks naisterahvas s\u00f5itis m\u00f6\u00f6da ja n\u00e4gi seda,&#8221; \u00fctles V\u00e4\u00e4rsi.<\/p>\n<p>Miks keegi m\u00e4rgid kaasa v\u00f5ttis, ei oska korraldajad arvata. &#8220;V\u00f5ib-olla tundus peomeeleolus vahva. Need on plastmassm\u00e4rgid, mida on kerge liigutada: v\u00f5tan kaasa v\u00f5i viskan autosse. Ei tea, mis inimeste m\u00f5istuses on,&#8221; k\u00f5neles V\u00e4\u00e4rsi.<\/p>\n<p>Esmasp\u00e4eval oli endiselt kadunud m\u00e4rk, mis piirab kiirust 50 kilomeetrini tunnis. &#8220;Iga m\u00e4rk ju maksab. Ma isegi ei tea, mis see maksma l\u00e4heb, kui midagi tagastada ei ole,&#8221; avaldas V\u00e4\u00e4rsi n\u00f6rdimust.<\/p>\n<p>Kui aga vargus k\u00f5rvale j\u00e4tta, l\u00e4ks festival tema s\u00f5nul h\u00e4sti. &#8220;Me ei olnud sellist asja varem korraldanud. Olime v\u00e4iksemaid ansambli\u00fcritusi teinud, aga sellist suurt v\u00e4li\u00fcritust mitte,&#8221; lausus ta ning r\u00e4\u00e4kis, et kuigi vihm ajas p\u00e4rast laste esinemist osa inimesi laiali, kujunes \u00f5htune pidu rahvarohkeks. &#8220;\u00d5htul l\u00e4ks ilm j\u00e4lle ilusaks. Oli rahvast ja oli m\u00f6llu.&#8221;<\/p>\n<p>Liiklusm\u00e4rkide kaotsiminek pani korraldajaid korraks m\u00f5tlema, kas niisuguseid \u00fcritusi \u00fcldse tasubki enam ette v\u00f5tta. &#8220;Aga kui n\u00e4gime Facebooki postituse all kommentaare, siis enamik inimesi oli ikkagi seda meelt, et selliseid sigadusi ei tohiks teha. Ja miks peaks \u00fche inimese p\u00e4rast enamusel tuju alla minema \u2026&#8221;<\/p>\n","protected":false},"excerpt":{"rendered":"Nagu \u00dclem\u00f5isas lastefestivali ja laada korraldanud Aire ja Riho V\u00e4\u00e4rsi on \u00f6elnud, on kogukonnale kokkusaamised olulised. Nii otsustasidki&hellip;\n","protected":false},"author":2,"featured_media":198247,"comment_status":"","ping_status":"","sticky":false,"template":"","format":"standard","meta":{"footnotes":"","_share_on_mastodon":"0"},"categories":[12],"tags":[10355,26,27,37,33,35,34,36,31,32,14083,7419,21,28,29,7868,19,25,23,24,22,20,4953,30],"class_list":["post-198246","post","type-post","status-publish","format-standard","has-post-thumbnail","category-eesti","tag-aire-vaarsi","tag-breaking-news","tag-breakingnews","tag-ee","tag-eesti","tag-eesti-keel","tag-estonia","tag-estonian","tag-featured-news","tag-featurednews","tag-festival","tag-halliste-sookla","tag-headlines","tag-latest-news","tag-latestnews","tag-liiklusmargid","tag-news","tag-populaarseimad-lood","tag-top-stories","tag-topstories","tag-uldised-uudised","tag-uudised","tag-vargus","tag-viimased-uudised"],"share_on_mastodon":{"url":"https:\/\/pubeurope.com\/@ee\/116714322166235546","error":""},"_links":{"self":[{"href":"https:\/\/www.europesays.com\/ee\/wp-json\/wp\/v2\/posts\/198246","targetHints":{"allow":["GET"]}}],"collection":[{"href":"https:\/\/www.europesays.com\/ee\/wp-json\/wp\/v2\/posts"}],"about":[{"href":"https:\/\/www.europesays.com\/ee\/wp-json\/wp\/v2\/types\/post"}],"author":[{"embeddable":true,"href":"https:\/\/www.europesays.com\/ee\/wp-json\/wp\/v2\/users\/2"}],"replies":[{"embeddable":true,"href":"https:\/\/www.europesays.com\/ee\/wp-json\/wp\/v2\/comments?post=198246"}],"version-history":[{"count":0,"href":"https:\/\/www.europesays.com\/ee\/wp-json\/wp\/v2\/posts\/198246\/revisions"}],"wp:featuredmedia":[{"embeddable":true,"href":"https:\/\/www.europesays.com\/ee\/wp-json\/wp\/v2\/media\/198247"}],"wp:attachment":[{"href":"https:\/\/www.europesays.com\/ee\/wp-json\/wp\/v2\/media?parent=198246"}],"wp:term":[{"taxonomy":"category","embeddable":true,"href":"https:\/\/www.europesays.com\/ee\/wp-json\/wp\/v2\/categories?post=198246"},{"taxonomy":"post_tag","embeddable":true,"href":"https:\/\/www.europesays.com\/ee\/wp-json\/wp\/v2\/tags?post=198246"}],"curies":[{"name":"wp","href":"https:\/\/api.w.org\/{rel}","templated":true}]}}