{"id":198272,"date":"2026-06-08T12:09:11","date_gmt":"2026-06-08T12:09:11","guid":{"rendered":"https:\/\/www.europesays.com\/ee\/198272\/"},"modified":"2026-06-08T12:09:11","modified_gmt":"2026-06-08T12:09:11","slug":"foto-sirelite-voidukaik-jatkub-ka-ilumaailmas-emily-blunt-naitas-toeliselt-kaunist-kuunetrendi","status":"publish","type":"post","link":"https:\/\/www.europesays.com\/ee\/198272\/","title":{"rendered":"FOTO | Sirelite v\u00f5iduk\u00e4ik j\u00e4tkub ka ilumaailmas! Emily Blunt n\u00e4itas t\u00f5eliselt kaunist k\u00fc\u00fcnetrendi"},"content":{"rendered":"<p><img decoding=\"async\" src=\"https:\/\/www.europesays.com\/ee\/wp-content\/uploads\/2026\/06\/b81be588-5271-48aa-84d4-be2808d7c31c.jpg\" loading=\"lazy\"\/><\/p>\n<p class=\"isSelectedEnd\">Blunt saabus punasele vaibale \u00f5lapaelteta lillas kleidis, mille tooniga sobitusid nii tema manik\u00fc\u00fcr kui ka silmameik. N\u00e4itlejanna kandis keskmise pikkusega k\u00fc\u00fcsi, mis olid v\u00e4rvitud kreemja helelilla lakiga. Toon sobis t\u00e4pselt tema pitsilise kleidiga, luues l\u00e4bim\u00f5eldud ja elegantse terviku.<\/p>\n<p><img decoding=\"async\" src=\"https:\/\/www.europesays.com\/ee\/wp-content\/uploads\/2026\/06\/9a029769-d451-4342-a606-4878965286a0.jpg\" loading=\"lazy\"\/><\/p>\n<p class=\"isSelectedEnd\">Lilla v\u00e4rvigamma ei piirdunud k\u00fc\u00fcntega. Meigikunstnik Jenn Streicher oli kujundanud Bluntile pehme lilla silmameigi, kandes lauv\u00e4rvi \u00fcle kogu lau. Silmade toon oli veidi tumedam kui k\u00fc\u00fcntel ja kleidil, kuid s\u00e4ilitas sama monokroomse \u00fcldmulje. Tulemus oli stiilne n\u00e4ide sellest, kuidas kasutada \u00fcht v\u00e4rvi eri detailides nii, et l\u00f5pptulemus m\u00f5juks kaunilt ja maitsekalt.<\/p>\n<p class=\"isSelectedEnd\">Emily Blunt pole ainus staar, kes sirelilillat t\u00e4navu suvel esile t\u00f5stab. Ka Jennifer Lopez kandis hiljuti \u00fche filmi esilinastusel \u00f5rna lillat silmameiki.<\/p>\n<p>Iluspetsialistide hinnangul sobib sirelililla h\u00e4sti nii p\u00e4eval kui ka \u00f5htul ning pakub v\u00e4rsket alternatiivi traditsioonilistele neutraalsetele toonidele.<\/p>\n<p>Allikad: Byrdie.com, Allure.com<\/p>\n<p>Kuidas see lugu Sind end tundma pani? Saada <\/p>\n","protected":false},"excerpt":{"rendered":"Blunt saabus punasele vaibale \u00f5lapaelteta lillas kleidis, mille tooniga sobitusid nii tema manik\u00fc\u00fcr kui ka silmameik. N\u00e4itlejanna kandis&hellip;\n","protected":false},"author":2,"featured_media":198273,"comment_status":"","ping_status":"","sticky":false,"template":"","format":"standard","meta":{"footnotes":"","_share_on_mastodon":"0"},"categories":[91],"tags":[9634,240,37,33,35,173,34,36,9635,5030,241,140,5396,2928],"class_list":["post-198272","post","type-post","status-publish","format-standard","has-post-thumbnail","category-kuulsused","tag-anne-stiil","tag-celebrities","tag-ee","tag-eesti","tag-eesti-keel","tag-entertainment","tag-estonia","tag-estonian","tag-ilutrendid","tag-karjaar","tag-kuulsused","tag-meelelahutus","tag-mood","tag-suhted"],"share_on_mastodon":{"url":"https:\/\/pubeurope.com\/@ee\/116714416882997995","error":""},"_links":{"self":[{"href":"https:\/\/www.europesays.com\/ee\/wp-json\/wp\/v2\/posts\/198272","targetHints":{"allow":["GET"]}}],"collection":[{"href":"https:\/\/www.europesays.com\/ee\/wp-json\/wp\/v2\/posts"}],"about":[{"href":"https:\/\/www.europesays.com\/ee\/wp-json\/wp\/v2\/types\/post"}],"author":[{"embeddable":true,"href":"https:\/\/www.europesays.com\/ee\/wp-json\/wp\/v2\/users\/2"}],"replies":[{"embeddable":true,"href":"https:\/\/www.europesays.com\/ee\/wp-json\/wp\/v2\/comments?post=198272"}],"version-history":[{"count":0,"href":"https:\/\/www.europesays.com\/ee\/wp-json\/wp\/v2\/posts\/198272\/revisions"}],"wp:featuredmedia":[{"embeddable":true,"href":"https:\/\/www.europesays.com\/ee\/wp-json\/wp\/v2\/media\/198273"}],"wp:attachment":[{"href":"https:\/\/www.europesays.com\/ee\/wp-json\/wp\/v2\/media?parent=198272"}],"wp:term":[{"taxonomy":"category","embeddable":true,"href":"https:\/\/www.europesays.com\/ee\/wp-json\/wp\/v2\/categories?post=198272"},{"taxonomy":"post_tag","embeddable":true,"href":"https:\/\/www.europesays.com\/ee\/wp-json\/wp\/v2\/tags?post=198272"}],"curies":[{"name":"wp","href":"https:\/\/api.w.org\/{rel}","templated":true}]}}