{"id":198373,"date":"2026-06-08T13:57:11","date_gmt":"2026-06-08T13:57:11","guid":{"rendered":"https:\/\/www.europesays.com\/ee\/198373\/"},"modified":"2026-06-08T13:57:11","modified_gmt":"2026-06-08T13:57:11","slug":"lastekirjanduse-keskuses-avatakse-poola-illustraatori-grazyna-rigalli-naitus-vahel-kurbus-vahel-tilluke-koer","status":"publish","type":"post","link":"https:\/\/www.europesays.com\/ee\/198373\/","title":{"rendered":"Lastekirjanduse keskuses avatakse Poola illustraatori Gra\u017cyna Rigalli n\u00e4itus \u00abVahel kurbus, vahel tilluke koer\u00bb"},"content":{"rendered":"<p>Gra\u017cyna Rigall on Poola illustraator, maalikunstnik ja graafiline disainer, kelle loomingut iseloomustavad tundlik pildikeel, peen huumor ning t\u00e4helepanelik suhtumine kujutatavatesse tegelastesse. Ta on illustreerinud arvukalt laste- ja noorteraamatuid ning p\u00e4lvinud tunnustust nii Poolas kui ka rahvusvaheliselt.<\/p>\n<p>N\u00e4itus toob vaatajateni valiku kunstniku originaalillustratsioone, mis p\u00e4rinevad mitmest hinnatud lasteraamatust: Katarzyna Ryrychi \u00abOh, Fear!\u00bb ja \u00abThe Dandelion Field\u00bb, Marzena Matuszaki \u00abThe Man, as He Is, Everyone Sees\u00bb, Grzegorz Kasdepke \u00abThe Angel Breeder&#8217;s Guide\u00bb, Marek Dutkiewiczi \u00abThe Frog in Africa\u00bb, Jerzy Limoni \u00abAbout a Boy as Noble as a Rock\u00bb ning Roksana J\u0119drzejewska-Wr\u00f3beli \u00abThe Deer and the Moods of Hipolit Kabel\u00bb.<\/p>\n<p class=\"x_MsoNormal\">N\u00e4ituse pealkiri viitab kunstniku loomingule iseloomulikule motiivile. Kuigi Rigalli illustreeritud lood ei ole alati kerged ega r\u00f5\u00f5msad, leiab tema piltidelt sageli koeri, kasse ja teisi loomi. Neljajalgsed tegelased ilmuvad nii peategelaste kui ka tagasihoidlike k\u00f5rvalosalistena, aidates luua illustratsioonide meeleolu ja atmosf\u00e4\u00e4ri.<\/p>\n<p class=\"x_MsoNormal\">N\u00e4ituse k\u00fclastajad saavad asuda omamoodi avastusretkele, otsides illustratsioonidelt erinevaid loomi ning j\u00e4lgides, kuidas pildid loomeprotsessi k\u00e4igus muutuvad. V\u00e4ljapanek pakub v\u00f5imaluse v\u00f5rrelda originaalteoseid tr\u00fckis ilmunud illustratsioonidega ning m\u00f5ista paremini raamatupildi s\u00fcnnilugu.<\/p>\n<p class=\"x_MsoNormal\">Lisaks loomingule peegeldab v\u00e4ljapanek ka kunstniku isiklikke huvisid. Rigall armastab lilli ja loomi ning tema kodu t\u00e4idavad nii taimed kui ka v\u00e4ike koer, kes on sageli inspiratsiooniallikaks tema t\u00f6\u00f6des.<\/p>\n","protected":false},"excerpt":{"rendered":"Gra\u017cyna Rigall on Poola illustraator, maalikunstnik ja graafiline disainer, kelle loomingut iseloomustavad tundlik pildikeel, peen huumor ning t\u00e4helepanelik&hellip;\n","protected":false},"author":2,"featured_media":198374,"comment_status":"","ping_status":"","sticky":false,"template":"","format":"standard","meta":{"footnotes":"","_share_on_mastodon":"0"},"categories":[12],"tags":[26,27,37,33,35,22197,34,36,31,32,83235,21,83237,83239,4297,2115,22199,28,29,195,19,83236,25,83238,23,24,22,20,30],"class_list":["post-198373","post","type-post","status-publish","format-standard","has-post-thumbnail","category-eesti","tag-breaking-news","tag-breakingnews","tag-ee","tag-eesti","tag-eesti-keel","tag-eesti-lastekirjanduse-keskus","tag-estonia","tag-estonian","tag-featured-news","tag-featurednews","tag-grazyna-rigall","tag-headlines","tag-illustratsioonikunst","tag-laste-ja-noorteraamatud","tag-lastekirjandus","tag-lasteraamat","tag-lasteraamatud","tag-latest-news","tag-latestnews","tag-naitus","tag-news","tag-poola-lastekirjandus","tag-populaarseimad-lood","tag-raamatugraafika","tag-top-stories","tag-topstories","tag-uldised-uudised","tag-uudised","tag-viimased-uudised"],"share_on_mastodon":{"url":"","error":"Validation failed: Text character limit of 500 exceeded"},"_links":{"self":[{"href":"https:\/\/www.europesays.com\/ee\/wp-json\/wp\/v2\/posts\/198373","targetHints":{"allow":["GET"]}}],"collection":[{"href":"https:\/\/www.europesays.com\/ee\/wp-json\/wp\/v2\/posts"}],"about":[{"href":"https:\/\/www.europesays.com\/ee\/wp-json\/wp\/v2\/types\/post"}],"author":[{"embeddable":true,"href":"https:\/\/www.europesays.com\/ee\/wp-json\/wp\/v2\/users\/2"}],"replies":[{"embeddable":true,"href":"https:\/\/www.europesays.com\/ee\/wp-json\/wp\/v2\/comments?post=198373"}],"version-history":[{"count":0,"href":"https:\/\/www.europesays.com\/ee\/wp-json\/wp\/v2\/posts\/198373\/revisions"}],"wp:featuredmedia":[{"embeddable":true,"href":"https:\/\/www.europesays.com\/ee\/wp-json\/wp\/v2\/media\/198374"}],"wp:attachment":[{"href":"https:\/\/www.europesays.com\/ee\/wp-json\/wp\/v2\/media?parent=198373"}],"wp:term":[{"taxonomy":"category","embeddable":true,"href":"https:\/\/www.europesays.com\/ee\/wp-json\/wp\/v2\/categories?post=198373"},{"taxonomy":"post_tag","embeddable":true,"href":"https:\/\/www.europesays.com\/ee\/wp-json\/wp\/v2\/tags?post=198373"}],"curies":[{"name":"wp","href":"https:\/\/api.w.org\/{rel}","templated":true}]}}