{"id":198453,"date":"2026-06-08T15:22:15","date_gmt":"2026-06-08T15:22:15","guid":{"rendered":"https:\/\/www.europesays.com\/ee\/198453\/"},"modified":"2026-06-08T15:22:15","modified_gmt":"2026-06-08T15:22:15","slug":"raske-vigastuse-saanud-lepik-jai-finaali-eel-koondise-juurde-henn-ta-tahtis-olla-koos-meeskonnaga","status":"publish","type":"post","link":"https:\/\/www.europesays.com\/ee\/198453\/","title":{"rendered":"Raske vigastuse saanud Lepik j\u00e4i finaali eel koondise juurde. Henn: ta tahtis olla koos meeskonnaga"},"content":{"rendered":"<p><img decoding=\"async\" src=\"https:\/\/www.europesays.com\/ee\/wp-content\/uploads\/2026\/06\/1780932135_240_cf905172-9b05-4ee2-86c8-ec90a45300aa.jpg\" loading=\"lazy\" alt=\"Mark anders Lepik (tagaplaanil) sai kohtumises F\u00e4\u00e4ri saarte vastu t\u00f5siselt vigastada\"\/><\/p>\n<p>Mark anders Lepik (tagaplaanil) sai kohtumises F\u00e4\u00e4ri saarte vastu t\u00f5siselt vigastada<\/p>\n<p>FOTO: Ago Tammik| Delfi Meedia<\/p>\n<p><a rel=\"noopener nofollow\" target=\"_blank\" href=\"https:\/\/www.delfi.ee\/teema\/42816481\/eesti-jalgpallikoondis\" tag-id=\"42816481\">Eesti jalgpallikoondise<\/a> koosseisus toimus teisip\u00e4evase Balti turniiri finaali eel kaks muudatust. Vigastuse t\u00f5ttu j\u00e4\u00e4vad m\u00e4ngust eemale <a rel=\"noopener nofollow\" target=\"_blank\" href=\"https:\/\/www.delfi.ee\/teema\/83754055\/mark-anders-lepik\" tag-id=\"83754055\">Mark Anders Lepik<\/a> ja Rauno Sappinen. Laup\u00e4eval ristatisidet vigastanud Lepik on seejuures j\u00e4tkuvalt koondise juures.<\/p>\n","protected":false},"excerpt":{"rendered":"Mark anders Lepik (tagaplaanil) sai kohtumises F\u00e4\u00e4ri saarte vastu t\u00f5siselt vigastada FOTO: Ago Tammik| Delfi Meedia Eesti jalgpallikoondise&hellip;\n","protected":false},"author":2,"featured_media":198454,"comment_status":"","ping_status":"","sticky":false,"template":"","format":"standard","meta":{"footnotes":"","_share_on_mastodon":"0"},"categories":[18],"tags":[37,33,5456,35,34,36,6611,918,12951,159,158],"class_list":["post-198453","post","type-post","status-publish","format-standard","has-post-thumbnail","category-sport","tag-ee","tag-eesti","tag-eesti-jalgpallikoondis","tag-eesti-keel","tag-estonia","tag-estonian","tag-jurgen-henn","tag-kevor-palumets","tag-mark-anders-lepik","tag-sport","tag-sports"],"share_on_mastodon":{"url":"https:\/\/pubeurope.com\/@ee\/116715175957977293","error":""},"_links":{"self":[{"href":"https:\/\/www.europesays.com\/ee\/wp-json\/wp\/v2\/posts\/198453","targetHints":{"allow":["GET"]}}],"collection":[{"href":"https:\/\/www.europesays.com\/ee\/wp-json\/wp\/v2\/posts"}],"about":[{"href":"https:\/\/www.europesays.com\/ee\/wp-json\/wp\/v2\/types\/post"}],"author":[{"embeddable":true,"href":"https:\/\/www.europesays.com\/ee\/wp-json\/wp\/v2\/users\/2"}],"replies":[{"embeddable":true,"href":"https:\/\/www.europesays.com\/ee\/wp-json\/wp\/v2\/comments?post=198453"}],"version-history":[{"count":0,"href":"https:\/\/www.europesays.com\/ee\/wp-json\/wp\/v2\/posts\/198453\/revisions"}],"wp:featuredmedia":[{"embeddable":true,"href":"https:\/\/www.europesays.com\/ee\/wp-json\/wp\/v2\/media\/198454"}],"wp:attachment":[{"href":"https:\/\/www.europesays.com\/ee\/wp-json\/wp\/v2\/media?parent=198453"}],"wp:term":[{"taxonomy":"category","embeddable":true,"href":"https:\/\/www.europesays.com\/ee\/wp-json\/wp\/v2\/categories?post=198453"},{"taxonomy":"post_tag","embeddable":true,"href":"https:\/\/www.europesays.com\/ee\/wp-json\/wp\/v2\/tags?post=198453"}],"curies":[{"name":"wp","href":"https:\/\/api.w.org\/{rel}","templated":true}]}}