{"id":198529,"date":"2026-06-08T16:53:10","date_gmt":"2026-06-08T16:53:10","guid":{"rendered":"https:\/\/www.europesays.com\/ee\/198529\/"},"modified":"2026-06-08T16:53:10","modified_gmt":"2026-06-08T16:53:10","slug":"andmed-paljastavad-millistes-euroopa-riikides-tehakse-enim-kaugtood-ja-kus-asub-eesti","status":"publish","type":"post","link":"https:\/\/www.europesays.com\/ee\/198529\/","title":{"rendered":"Andmed paljastavad, millistes Euroopa riikides tehakse enim kaugt\u00f6\u00f6d ja kus asub Eesti"},"content":{"rendered":"<p>Euroopa Liidus t\u00f6\u00f6tab kodust keskmiselt alla k\u00fcmnendiku inimestest, kuid riikide l\u00f5ikes joonistuvad v\u00e4lja \u00fcllatavalt suured erinevused. P\u00f5hjamaad ning mitmed L\u00e4\u00e4ne-Euroopa riigid on kodukontorite kasutamises selgelt eestvedajad, samal ajal kui mitmes Ida- ja L\u00f5una-Euroopa riigis eelistatakse j\u00e4tkuvalt traditsioonilist kontorit\u00f6\u00f6d.<\/p>\n<p>Kuhu sellisel kaardil paigutub Eesti ja miks on Balti riikide n\u00e4itajad nii erinevad?<\/p>\n","protected":false},"excerpt":{"rendered":"Euroopa Liidus t\u00f6\u00f6tab kodust keskmiselt alla k\u00fcmnendiku inimestest, kuid riikide l\u00f5ikes joonistuvad v\u00e4lja \u00fcllatavalt suured erinevused. P\u00f5hjamaad ning&hellip;\n","protected":false},"author":2,"featured_media":198530,"comment_status":"","ping_status":"","sticky":false,"template":"","format":"standard","meta":{"footnotes":"","_share_on_mastodon":"0"},"categories":[12],"tags":[2332,26,27,37,33,35,34,36,590,3364,31,32,21,1317,5270,28,29,19,25,23,24,22,20,30],"class_list":["post-198529","post","type-post","status-publish","format-standard","has-post-thumbnail","category-eesti","tag-balti-riigid","tag-breaking-news","tag-breakingnews","tag-ee","tag-eesti","tag-eesti-keel","tag-estonia","tag-estonian","tag-euroopa-liit","tag-eurostat","tag-featured-news","tag-featurednews","tag-headlines","tag-kaugtoo","tag-kodukontor","tag-latest-news","tag-latestnews","tag-news","tag-populaarseimad-lood","tag-top-stories","tag-topstories","tag-uldised-uudised","tag-uudised","tag-viimased-uudised"],"share_on_mastodon":{"url":"https:\/\/pubeurope.com\/@ee\/116715533460244571","error":""},"_links":{"self":[{"href":"https:\/\/www.europesays.com\/ee\/wp-json\/wp\/v2\/posts\/198529","targetHints":{"allow":["GET"]}}],"collection":[{"href":"https:\/\/www.europesays.com\/ee\/wp-json\/wp\/v2\/posts"}],"about":[{"href":"https:\/\/www.europesays.com\/ee\/wp-json\/wp\/v2\/types\/post"}],"author":[{"embeddable":true,"href":"https:\/\/www.europesays.com\/ee\/wp-json\/wp\/v2\/users\/2"}],"replies":[{"embeddable":true,"href":"https:\/\/www.europesays.com\/ee\/wp-json\/wp\/v2\/comments?post=198529"}],"version-history":[{"count":0,"href":"https:\/\/www.europesays.com\/ee\/wp-json\/wp\/v2\/posts\/198529\/revisions"}],"wp:featuredmedia":[{"embeddable":true,"href":"https:\/\/www.europesays.com\/ee\/wp-json\/wp\/v2\/media\/198530"}],"wp:attachment":[{"href":"https:\/\/www.europesays.com\/ee\/wp-json\/wp\/v2\/media?parent=198529"}],"wp:term":[{"taxonomy":"category","embeddable":true,"href":"https:\/\/www.europesays.com\/ee\/wp-json\/wp\/v2\/categories?post=198529"},{"taxonomy":"post_tag","embeddable":true,"href":"https:\/\/www.europesays.com\/ee\/wp-json\/wp\/v2\/tags?post=198529"}],"curies":[{"name":"wp","href":"https:\/\/api.w.org\/{rel}","templated":true}]}}