{"id":198542,"date":"2026-06-08T17:12:13","date_gmt":"2026-06-08T17:12:13","guid":{"rendered":"https:\/\/www.europesays.com\/ee\/198542\/"},"modified":"2026-06-08T17:12:13","modified_gmt":"2026-06-08T17:12:13","slug":"sevoldajeva-ajaloo-suurima-mangu-eel-votame-seda-kui-voimalust-midagi-pole-kaotada-milline-on-kubassova-seis-soccernet-ee","status":"publish","type":"post","link":"https:\/\/www.europesays.com\/ee\/198542\/","title":{"rendered":"\u0160evoldajeva ajaloo suurima m\u00e4ngu eel: v\u00f5tame seda kui v\u00f5imalust, midagi pole kaotada (milline on Kubassova seis?) &#8211; Soccernet.ee"},"content":{"rendered":"<p><img decoding=\"async\" src=\"https:\/\/www.europesays.com\/ee\/wp-content\/uploads\/2026\/03\/1772551209.jpg\" alt=\"Aleksandra \u0160evoldajeva. Foto: Liisi Troska \/ jalgpall.ee\"\/>&#13;\n<\/p>\n<p>Eesti naiste koondis ootab teisip\u00e4eval ees ajaloo t\u00e4htsaim m\u00e4ng, kui P\u00e4rnu Rannastaadionil v\u00f5\u00f5rustatakse MM-valikmat\u0161is Bosnia ja Hertsegoviinat. Koondise peatreener Aleksandra \u0160evoldajeva r\u00e4\u00e4kis m\u00e4ngueelsel p\u00e4eval, et naiskonnas valitseb meeldiv elevus.<\/p>\n<p>Enne kui siinkirjutaja asus koondise peatreenerilt uurima, mida homsest m\u00e4ngust oodata, k\u00fcsis ta, milline meeleolu valitseb Eesti koondise leeris, kui viimati alistati Liechtenstein 5:0. Pealik \u0160evoldajeva j\u00e4ttis vastamise hoopis Liisa Merisalu \u00f5lule. &#8220;V\u00e4ga hea, isegi uskumatult hea!&#8221; vahendas peatreener \u0160evoldajeva oma hoolealuse s\u00f5nu. Juhendaja kinnitas, et naiskond on p\u00e4rast pikka tagasireisi kenasti taastunud.&#13;\n<\/p>\n<p>\u0160evoldajeva s\u00f5nul tunnetab ta naiskonnas elevust. &#8220;Oleme kohas, kus me pole kunagi olnud. V\u00f5tame seda kui v\u00f5imalust ja meil on ainult v\u00f5ita siit,&#8221; kostis ta. &#8220;Kui m\u00e4ngime oma m\u00e4ngu ja teeme asjad \u00e4ra nii h\u00e4sti kui v\u00f5imalik, siis usun, et v\u00f5ime olla v\u00e4ga-v\u00e4ga edukad ja saada tulemuse k\u00e4tte. Kui teeme asjad \u00e4ra nii h\u00e4sti kui v\u00f5imalik ja ikka kaotame, siis v\u00f5ib-olla ei ole see lihtsalt meie aeg. Samas olen v\u00e4ga seda meelt ja usun sellesse, et oleme valmis.&#8221;&#13;\n<\/p>\n<p>K\u00fcsimusele, kas peatreener tunnetab p\u00e4ev enne m\u00e4ngu lisapingeid, vastas \u0160evoldajeva: &#8220;Absoluutselt mitte.&#8221;<\/p>\n<p>Eesootav kohtumine Bosnia vastu peetakse Rannastaadion, mille meeste koondise \u00f5nnistas m\u00f6\u00f6dunud laup\u00e4eval v\u00f5iduga sisse. &#8220;Ma istun siin enne trenni ja vaatan tablood. Siin on ikka veel Eesti &#8211; F\u00e4\u00e4ri saared ja nende lipud. Ainult millegip\u00e4rast on seis j\u00e4\u00e4nud null-null,&#8221; l\u00f5\u00f5pis \u0160evoldajeva. &#8220;Kuigi teisip\u00e4ev on t\u00f6\u00f6p\u00e4ev, siis ootame k\u00f5iki siia m\u00e4ngule. Meeste m\u00e4ngul oli meeleolu ikka v\u00e4ga-v\u00e4ga k\u00f5va.&#8221;&#13;\n<\/p>\n<p>Mis teeb eesootava m\u00e4ngu suureks v\u00f5i isegi ajalooliseks?&#13;\n<\/p>\n<p>Teatavasti on valiksarjad \u00e4ra jaotatud tugevusgruppideks. C-tasandil asuv Eesti on viimase vooru eel Bosnia j\u00e4rel teisel kohal, ent m\u00f5lemal on kirjas k\u00fcmme punkti. Bosnia eeliseks on m\u00e4rtsikuine 3:1 v\u00f5it Sinis\u00e4rkide \u00fcle. K\u00f5igi eelduste kohaselt alistab Leedu Liechtensteini ja t\u00f5useb 11 silma peale, misp\u00e4rast vajaks Eesti viimasest kohtumisest kindlasti v\u00f5itu, et p\u00e4\u00e4seda esimest korda MM-valiksarjas play-off&#8217;i ning tagada p\u00e4\u00e4s ihaldatud B-tasandile.&#13;\n<\/p>\n<p>\u0160evoldajeva meenutas, et Eesti oli m\u00e4rtsikuises m\u00e4ngus palju keerulisemas olukorras kui praegu. &#8220;Toona oli see paljude jaoks hooaja esimene m\u00e4ng. Eks mingid treeningm\u00e4ngud ja Balti liiga kohtumised olid ikka, aga kindlasti oli see esimene murumat\u0161. Eks see veebruari- v\u00f5i m\u00e4rtsikuu aken ongi Eesti naiste koondisele alati keerulisem kui teisel,&#8221; s\u00f5nas \u0160evoldajeva.<\/p>\n<p>Ta lisas: &#8220;Kindlasti parandame mingeid olukordi, mis leidsid meil aset v\u00f5\u00f5rsilm\u00e4ngus. Oleme saanud mingite momentide \u00fcle p\u00e4ris hea kontrolli, kust on tulnud ka v\u00e4ravaid. Arvan, et oleme t\u00e4navu teinud k\u00f5ike t\u00f5usvas joones.&#8221;&#13;\n<\/p>\n<p>Bosniale piisab teatavasti viigist, mis v\u00f5ib panna m\u00f5tlema, kas k\u00fclalised tulevad m\u00e4ngule vastu natukene kaitsvama m\u00e4ngujoonisega kui varem. \u0160evoldajeva hinnangul on t\u00f5en\u00e4osus sellise stsenaariumi juhtumiseks jaoks v\u00e4ike.&#13;\n<\/p>\n<p>&#8220;V\u00f5ib-olla, kuigi ma ei oska seda neilt oodata. See poleks midagi sellist, mida nad on varem teinud. Kui vaadata nende kaitsefaasi organiseeritust, siis see l\u00e4henemine oleks neile keerulisem. Aga ei saa v\u00e4listada, et nad hakkavad midagi sellist tegema,&#8221; r\u00e4\u00e4kis \u0160evoldajeva.&#13;\n<\/p>\n<p>&#8220;Me teame, et Bosnia tuleb v\u00e4ga suurte j\u00f5ududega r\u00e4nnakule. Nad r\u00fcndavad karistusala ja vahepeal tekib tunne, et nagu 17 m\u00e4ngijat jookseks sinna. See t\u00e4hendab, et taha j\u00e4\u00e4b neil v\u00e4he m\u00e4ngijaid,&#8221; iseloomustas \u0160evoldajeva vastase tavap\u00e4rast m\u00e4ngujoonist. &#8220;Kui nad peaksid kaitsvamalt m\u00e4ngima, siis muudaksid nende \u00fclir\u00fcndavad m\u00e4ngijad oma toimimise loogikat. Selle t\u00f5en\u00e4osus on suhteliselt v\u00e4ike. Ja kui nad peaksid nii tegema, siis tekib k\u00fcsimus, kui distsiplineeritult suudaksid kogu kohtumise v\u00e4ltel tegutseda.&#8221;<\/p>\n<p>Kubassovaga v\u00f5i Kubassovata?&#13;\n<\/p>\n<p>See on k\u00fcsimus, mis on j\u00e4\u00e4nud k\u00f5lama p\u00e4rast eelmist m\u00e4ngu, kui kolmekordne Ungari meister ja koondises 86 m\u00e4nguga 16 v\u00e4ravat l\u00f6\u00f6nud Vlada Kubassova 38. minutil v\u00e4lja vahetati. Viis minutit varem \u00fcritas ta karistusala poole suunduvat vastast takistada, sirutades v\u00e4lja jala, ent kontakti k\u00e4igus v\u00e4\u00e4ndus ta p\u00f5lv. Treeneri arvates m\u00e4\u00e4rab t\u00e4nane trenn v\u00e4ga palju, kas ta m\u00e4ngib Bosnia vastu v\u00f5i mitte.&#13;\n<\/p>\n<p>&#8220;Vlada proovib trenni kaasa teha. Vaatame, kuidas l\u00e4heb. Hetkel on mul sama palju infot kui sul. Kui ta p\u00f5lv lubab l\u00f5puks, siis lubab ja homne olukord on lootusrikas, kui ei luba, siis ei luba,&#8221; m\u00e4rkis \u0160evoldajeva, lisades, et kui Kubassova p\u00f5lv peaks t\u00f5epoolest lubama, siis hinnatakse, milline saab olema maksimaalne m\u00e4nguaeg.&#13;\n<\/p>\n<p>Samuti avaldas \u0160evoldajeva, et \u00fche m\u00e4ngija osas on samuti 50-50 olukord, aga eelistas selle nime enda teada j\u00e4tta.<\/p>\n<p>Eesti naiste koondis kohtub oma viimases MM-valikm\u00e4ngus kodus Bosnia ja Hertsegoviinaga. Teisip\u00e4eva \u00f5htul kell 20 toimuvat m\u00e4ngu n\u00e4itab otsepildis Soccernet TV.&#13;<\/p>\n","protected":false},"excerpt":{"rendered":"&#13; Eesti naiste koondis ootab teisip\u00e4eval ees ajaloo t\u00e4htsaim m\u00e4ng, kui P\u00e4rnu Rannastaadionil v\u00f5\u00f5rustatakse MM-valikmat\u0161is Bosnia ja Hertsegoviinat.&hellip;\n","protected":false},"author":2,"featured_media":122548,"comment_status":"","ping_status":"","sticky":false,"template":"","format":"standard","meta":{"footnotes":"","_share_on_mastodon":"0"},"categories":[18],"tags":[9331,37,33,35,9645,34,36,1032,9654,9644,159,158,1035],"class_list":["post-198542","post","type-post","status-publish","format-standard","has-post-thumbnail","category-sport","tag-aleksandra-sevoldajeva","tag-ee","tag-eesti","tag-eesti-keel","tag-eesti-naiste-koondis","tag-estonia","tag-estonian","tag-kubassova","tag-naiste-koondis","tag-sevoldajeva","tag-sport","tag-sports","tag-vlada-kubassova"],"share_on_mastodon":{"url":"https:\/\/pubeurope.com\/@ee\/116715608408210493","error":""},"_links":{"self":[{"href":"https:\/\/www.europesays.com\/ee\/wp-json\/wp\/v2\/posts\/198542","targetHints":{"allow":["GET"]}}],"collection":[{"href":"https:\/\/www.europesays.com\/ee\/wp-json\/wp\/v2\/posts"}],"about":[{"href":"https:\/\/www.europesays.com\/ee\/wp-json\/wp\/v2\/types\/post"}],"author":[{"embeddable":true,"href":"https:\/\/www.europesays.com\/ee\/wp-json\/wp\/v2\/users\/2"}],"replies":[{"embeddable":true,"href":"https:\/\/www.europesays.com\/ee\/wp-json\/wp\/v2\/comments?post=198542"}],"version-history":[{"count":0,"href":"https:\/\/www.europesays.com\/ee\/wp-json\/wp\/v2\/posts\/198542\/revisions"}],"wp:featuredmedia":[{"embeddable":true,"href":"https:\/\/www.europesays.com\/ee\/wp-json\/wp\/v2\/media\/122548"}],"wp:attachment":[{"href":"https:\/\/www.europesays.com\/ee\/wp-json\/wp\/v2\/media?parent=198542"}],"wp:term":[{"taxonomy":"category","embeddable":true,"href":"https:\/\/www.europesays.com\/ee\/wp-json\/wp\/v2\/categories?post=198542"},{"taxonomy":"post_tag","embeddable":true,"href":"https:\/\/www.europesays.com\/ee\/wp-json\/wp\/v2\/tags?post=198542"}],"curies":[{"name":"wp","href":"https:\/\/api.w.org\/{rel}","templated":true}]}}