{"id":198608,"date":"2026-06-08T18:33:11","date_gmt":"2026-06-08T18:33:11","guid":{"rendered":"https:\/\/www.europesays.com\/ee\/198608\/"},"modified":"2026-06-08T18:33:11","modified_gmt":"2026-06-08T18:33:11","slug":"jurgen-henn-edurivi-taiendus-naitab-et-head-esitust-u21-koondises-margatakse-postimees-sport","status":"publish","type":"post","link":"https:\/\/www.europesays.com\/ee\/198608\/","title":{"rendered":"J\u00fcrgen Henn: edurivi t\u00e4iendus n\u00e4itab, et head esitust U21 koondises m\u00e4rgatakse &#8211; Postimees Sport"},"content":{"rendered":"<ol>\n<li><a href=\"https:\/\/news.google.com\/rss\/articles\/CBMisAFBVV95cUxQcnhfaC1FVWhkOGhCTlUxaGl1WXI4cFZOSkpsNDlodE9uRmsyQ2RIckFHeWVjdExfYnd2akVFNWpFNE95Y3ludWxJMG54Z2dCanI1RHhIR3JnUUlnZGFlYmVFR05SblpNZllRaG93ZHMyUEhXSEw1Yy10S19tSjRMTngzSDNzUmNMdWJPb2pHenBPMHZtbTJVcTFxQWJqUk1OeGt5cmhsVjdYc1VzampGNg?oc=5\" target=\"_blank\" rel=\"nofollow noopener\">J\u00fcrgen Henn: edurivi t\u00e4iendus n\u00e4itab, et head esitust U21 koondises m\u00e4rgatakse<\/a>&nbsp;&nbsp;Postimees Sport<\/li>\n<li><a href=\"https:\/\/news.google.com\/rss\/articles\/CBMiuwFBVV95cUxQMmxDLThDV1pncVVwLWxFWXhBMVMxOTloWnJNc3JjbXBCVEd3QTN5aFpmSFhiWnZMRGt6MFd1RUtRanE3R0RjS2NFZWR4UGxCQm9vSnhPaGs5SUVkbTRIVXFmYXE5bURqWXpnQk9hdFAwRFR6SGFQcGhVZlNhdzJxUUZGNU1DSy14SUlQUFNnOEFsdkxQRlFQLTR4all2NVE5ekJMQ0gzelJ0RC1aUUdmWmVwVW9fdExWbERR?oc=5\" target=\"_blank\" rel=\"nofollow noopener\">Valus hoop: Eesti koondise ja P\u00e4rnu Vapruse r\u00fcndajat ootab taas ees pikk vigastuspaus<\/a>&nbsp;&nbsp;P\u00e4rnu Postimees<\/li>\n<li><a href=\"https:\/\/news.google.com\/rss\/articles\/CBMiogFBVV95cUxPZ2wwaXl0WjlHdzJyOWxCajlpdGJMRWpGVC1rc1FFMkI1Ul9xc0xrdmx4NUU5SHZZMU9tV1JvcE1LMVhUcl8zaHRLUkZTckVPUFAyQmpUUHhpQS02NC0xWG12ODdXekhBUzB1TlRJNW9Kd0JLU2c1TkFYWXpwRDZsczQ5NENvSjB4WUFQUTBYQ180ejBzaTRIWUw3Q0N4YmpMZVE?oc=5\" target=\"_blank\" rel=\"nofollow noopener\">Henn asendas Balti turniiri finaaliks vigastatud Lepiku ja Sappineni<\/a>&nbsp;&nbsp;sport | ERR<\/li>\n<li><a href=\"https:\/\/news.google.com\/rss\/articles\/CBMi1gFBVV95cUxPUGplZmZRZzJWTGRXazJ1N3pCQlFjQ0U3WTd0THNicmFXUTZ5UDc2R2E4S29iTV9Ncy1nVm5zemxTWVJBaTI5SV9jZkcyODlwMW5xNldYQnpRM1FqUm01WHdIM0hRdUVONGtDc0hJazI3RldJQ1N4c2RQVVN2cGVtbWR6WUc2OW05SFVEMERKdWdYWUZsMkJsV2RZVWQ3a1IwcjJPVW13VDBsVFYyWkZkSWtsMjh4dDFYNzZneXIyNVRtWF9OYzVHSm9HNnU1T1VVRzBnVC13?oc=5\" target=\"_blank\" rel=\"nofollow noopener\">Raske vigastuse saanud Lepik j\u00e4i finaali eel koondise juurde. Henn: ta tahtis olla koos meeskonnaga<\/a>&nbsp;&nbsp;Delfi Sport<\/li>\n<li><a href=\"https:\/\/news.google.com\/rss\/articles\/CBMimAFBVV95cUxNUGhnc1djbmFYekplb1VnN2lIbUtRbnlsRDJhT3NFS2Jab1BsYjgwODh5Nm9zZTdpWFRkWjZLRlp6X2ZtNFNzTnFaOEV1amdJRmxmQWlpMnBzdWhkYXBqbXZlTmR6S21sbGpUMnROOWlsU1N0YllXam5abGhDUnpyc29ra1ZLZ2gwcU5LUG5uQ0NycWhLc0ItQw?oc=5\" target=\"_blank\" rel=\"nofollow noopener\">KARM! Eesti koondise r\u00fcndaja rebestas taas ristatisideme<\/a>&nbsp;&nbsp;\u00d5htuleht<\/li>\n<\/ol>\n","protected":false},"excerpt":{"rendered":"J\u00fcrgen Henn: edurivi t\u00e4iendus n\u00e4itab, et head esitust U21 koondises m\u00e4rgatakse&nbsp;&nbsp;Postimees Sport Valus hoop: Eesti koondise ja P\u00e4rnu&hellip;\n","protected":false},"author":2,"featured_media":143961,"comment_status":"","ping_status":"","sticky":false,"template":"","format":"standard","meta":{"footnotes":"","_share_on_mastodon":"0"},"categories":[5],"tags":[5288,9597,26,27,37,33,5456,35,34,36,31,32,21,6611,6886,918,28,29,9964,12951,19,25,1145,3097,23,24,22,20,30],"class_list":["post-198608","post","type-post","status-publish","format-standard","has-post-thumbnail","category-uldised-uudised","tag-a-le-coq-arena","tag-balti-turniir","tag-breaking-news","tag-breakingnews","tag-ee","tag-eesti","tag-eesti-jalgpallikoondis","tag-eesti-keel","tag-estonia","tag-estonian","tag-featured-news","tag-featurednews","tag-headlines","tag-jurgen-henn","tag-karel-mustmaa","tag-kevor-palumets","tag-latest-news","tag-latestnews","tag-leedu-jalgpallikoondis","tag-mark-anders-lepik","tag-news","tag-populaarseimad-lood","tag-rauno-sappinen","tag-rocco-robert-shein","tag-top-stories","tag-topstories","tag-uldised-uudised","tag-uudised","tag-viimased-uudised"],"share_on_mastodon":{"url":"","error":"Validation failed: Text character limit of 500 exceeded"},"_links":{"self":[{"href":"https:\/\/www.europesays.com\/ee\/wp-json\/wp\/v2\/posts\/198608","targetHints":{"allow":["GET"]}}],"collection":[{"href":"https:\/\/www.europesays.com\/ee\/wp-json\/wp\/v2\/posts"}],"about":[{"href":"https:\/\/www.europesays.com\/ee\/wp-json\/wp\/v2\/types\/post"}],"author":[{"embeddable":true,"href":"https:\/\/www.europesays.com\/ee\/wp-json\/wp\/v2\/users\/2"}],"replies":[{"embeddable":true,"href":"https:\/\/www.europesays.com\/ee\/wp-json\/wp\/v2\/comments?post=198608"}],"version-history":[{"count":0,"href":"https:\/\/www.europesays.com\/ee\/wp-json\/wp\/v2\/posts\/198608\/revisions"}],"wp:featuredmedia":[{"embeddable":true,"href":"https:\/\/www.europesays.com\/ee\/wp-json\/wp\/v2\/media\/143961"}],"wp:attachment":[{"href":"https:\/\/www.europesays.com\/ee\/wp-json\/wp\/v2\/media?parent=198608"}],"wp:term":[{"taxonomy":"category","embeddable":true,"href":"https:\/\/www.europesays.com\/ee\/wp-json\/wp\/v2\/categories?post=198608"},{"taxonomy":"post_tag","embeddable":true,"href":"https:\/\/www.europesays.com\/ee\/wp-json\/wp\/v2\/tags?post=198608"}],"curies":[{"name":"wp","href":"https:\/\/api.w.org\/{rel}","templated":true}]}}