{"id":198617,"date":"2026-06-08T18:43:14","date_gmt":"2026-06-08T18:43:14","guid":{"rendered":"https:\/\/www.europesays.com\/ee\/198617\/"},"modified":"2026-06-08T18:43:14","modified_gmt":"2026-06-08T18:43:14","slug":"vaiketiimi-ime-mxgp-esikumnekoht-tostab-jorgen-matthias-talviku-aktsiaid-avamaks-ukse-tehasemeeskonda-2","status":"publish","type":"post","link":"https:\/\/www.europesays.com\/ee\/198617\/","title":{"rendered":"V\u00e4iketiimi ime: MXGP esik\u00fcmnekoht t\u00f5stab J\u00f6rgen-Matthias Talviku aktsiaid avamaks ukse tehasemeeskonda"},"content":{"rendered":"<p>Eesti motokrossis\u00f5itja J\u00f6rgen-Matthias Talviku tegi p\u00fchap\u00e4eval L\u00e4tis Kegumsis toimunud MM-etapil k\u00f5ige tugevamas v\u00f5istlusklassis MXGP karj\u00e4\u00e4ri parima tulemuse, kui tuli teises s\u00f5idus 8. kohale ja oli etapi kokkuv\u00f5ttes 11. P\u00e4rnust p\u00e4rit 23-aastane krossimees loodab sarnaseid tulemusi korrata ning t\u00f5usta seel\u00e4bi tehasemeeskondade radarile.<\/p>\n<p>Talviku, kes oli sel hooajal varem startinud kolmel MM-etapil ning tulnud parimal juhul 15. kohale, kirjeldab, et l\u00e4bimurre Kegumsis tuli talle endalegi v\u00e4ikese \u00fcllatusena.<\/p>\n","protected":false},"excerpt":{"rendered":"Eesti motokrossis\u00f5itja J\u00f6rgen-Matthias Talviku tegi p\u00fchap\u00e4eval L\u00e4tis Kegumsis toimunud MM-etapil k\u00f5ige tugevamas v\u00f5istlusklassis MXGP karj\u00e4\u00e4ri parima tulemuse, kui&hellip;\n","protected":false},"author":2,"featured_media":198618,"comment_status":"","ping_status":"","sticky":false,"template":"","format":"standard","meta":{"footnotes":"","_share_on_mastodon":"0"},"categories":[12],"tags":[26,27,37,33,35,83252,34,36,83248,31,32,21,7535,56644,83112,28,29,114,5527,83171,83250,82526,19,1523,25,83247,83246,83251,23,24,22,20,30,83249],"class_list":["post-198617","post","type-post","status-publish","format-standard","has-post-thumbnail","category-eesti","tag-breaking-news","tag-breakingnews","tag-ee","tag-eesti","tag-eesti-keel","tag-eesti-meistrivoistlused-motokrossis","tag-estonia","tag-estonian","tag-esttrans","tag-featured-news","tag-featurednews","tag-headlines","tag-jorgen-matthias-talviku","tag-kardo-koresaar","tag-kegums","tag-latest-news","tag-latestnews","tag-lati","tag-motokross","tag-motokrossi-mm-sari","tag-motokrossi-treening","tag-mxgp","tag-news","tag-ott-tanak","tag-populaarseimad-lood","tag-reio-engman","tag-saksamaa-meistrivoistlused-motokrossis","tag-tehasemeeskond","tag-top-stories","tag-topstories","tag-uldised-uudised","tag-uudised","tag-viimased-uudised","tag-yamaha-keskus"],"share_on_mastodon":{"url":"","error":"Validation failed: Text character limit of 500 exceeded"},"_links":{"self":[{"href":"https:\/\/www.europesays.com\/ee\/wp-json\/wp\/v2\/posts\/198617","targetHints":{"allow":["GET"]}}],"collection":[{"href":"https:\/\/www.europesays.com\/ee\/wp-json\/wp\/v2\/posts"}],"about":[{"href":"https:\/\/www.europesays.com\/ee\/wp-json\/wp\/v2\/types\/post"}],"author":[{"embeddable":true,"href":"https:\/\/www.europesays.com\/ee\/wp-json\/wp\/v2\/users\/2"}],"replies":[{"embeddable":true,"href":"https:\/\/www.europesays.com\/ee\/wp-json\/wp\/v2\/comments?post=198617"}],"version-history":[{"count":0,"href":"https:\/\/www.europesays.com\/ee\/wp-json\/wp\/v2\/posts\/198617\/revisions"}],"wp:featuredmedia":[{"embeddable":true,"href":"https:\/\/www.europesays.com\/ee\/wp-json\/wp\/v2\/media\/198618"}],"wp:attachment":[{"href":"https:\/\/www.europesays.com\/ee\/wp-json\/wp\/v2\/media?parent=198617"}],"wp:term":[{"taxonomy":"category","embeddable":true,"href":"https:\/\/www.europesays.com\/ee\/wp-json\/wp\/v2\/categories?post=198617"},{"taxonomy":"post_tag","embeddable":true,"href":"https:\/\/www.europesays.com\/ee\/wp-json\/wp\/v2\/tags?post=198617"}],"curies":[{"name":"wp","href":"https:\/\/api.w.org\/{rel}","templated":true}]}}