{"id":198653,"date":"2026-06-08T19:38:10","date_gmt":"2026-06-08T19:38:10","guid":{"rendered":"https:\/\/www.europesays.com\/ee\/198653\/"},"modified":"2026-06-08T19:38:10","modified_gmt":"2026-06-08T19:38:10","slug":"tiina-saar-veelmaa-klient-psuhholoogi-vastuvotul-kelle-elu-ma-elan-edasi","status":"publish","type":"post","link":"https:\/\/www.europesays.com\/ee\/198653\/","title":{"rendered":"Tiina Saar-Veelmaa: klient ps\u00fchholoogi vastuv\u00f5tul &#8211; kelle elu ma elan? \u2013 Edasi"},"content":{"rendered":"<p>\t\t\t<img fetchpriority=\"high\" width=\"1024\" height=\"683\" src=\"https:\/\/www.europesays.com\/ee\/wp-content\/uploads\/2026\/06\/GettyImages-2237549843-1024x683.webp\" class=\"attachment-hive-single-image size-hive-single-image wp-post-image\" alt=\"\" decoding=\"async\"   data-attachment-id=\"276251\" data-permalink=\"https:\/\/edasi.org\/276240\/tiina-saar-veelmaa-klient-psuhholoogi-vastuvotul-kelle-elu-ma-elan\/professional-woman-discusses-a-project-with-a-colleague-in-a-modern-office-setting\/\" data-orig-file=\"https:\/\/edasi.org\/wp-content\/uploads\/2026\/06\/GettyImages-2237549843-scaled.webp\" data-orig-size=\"2048,1365\" data-comments-opened=\"0\" data-image-meta=\"{&quot;aperture&quot;:&quot;2.2&quot;,&quot;credit&quot;:&quot;Getty Images&quot;,&quot;camera&quot;:&quot;ILCE-7M3&quot;,&quot;caption&quot;:&quot;Two professionals sit across from each other at a bright office table, one gesturing with her hands while the other listens. A coffee cup, papers, and a warm, collaborative atmosphere complete the scene.&quot;,&quot;created_timestamp&quot;:&quot;1748092449&quot;,&quot;copyright&quot;:&quot;&quot;,&quot;focal_length&quot;:&quot;55&quot;,&quot;iso&quot;:&quot;100&quot;,&quot;shutter_speed&quot;:&quot;0.01&quot;,&quot;title&quot;:&quot;Professional woman discusses a project with a colleague in a modern office setting&quot;,&quot;orientation&quot;:&quot;1&quot;,&quot;alt&quot;:&quot;&quot;}\" data-image-title=\"Professional woman discusses a project with a colleague in a modern office setting\" data-image-description=\"\" data-image-caption=\"&lt;p&gt;Foto: Getty&lt;\/p&gt;&#10;\" data-large-file=\"https:\/\/www.europesays.com\/ee\/wp-content\/uploads\/2026\/06\/GettyImages-2237549843-1024x683.webp\"\/>\t\t\tFoto: Getty\t\t<\/p>\n<p class=\"intro\">K\u00fcsid tuttavalt, et kuidas tal l\u00e4heb. Ta vastab, et pole viga. V\u00f5i j\u00e4\u00e4b ebalevaks. V\u00f5imalik, et tal l\u00e4heb eraelus kenasti, aga t\u00f6\u00f6elu\u2026 \u201cOh, \u00e4ra parem r\u00e4\u00e4gi,\u201d vastab ta. Selgub, et enne l\u00e4heb jumalap\u00e4ike looja, kui k\u00f5ik probleemid \u00fcles j\u00f5uaks loetleda. \u201cAga miks sa sealt \u00e4ra ei tule,\u201d m\u00f5tled sina. Kui oled julge, siis k\u00fcsid temalt otse.<\/p>\n<p>Kabinetti siseneb naine. See on tema neljas visiit, ent oleme juba esimesel kohtumisel tuvastanud, et t\u00f6\u00f6, millele ta on j\u00e4\u00e4gitult p\u00fchendunud, on ta l\u00e4bi p\u00f5letanud. Kiired muutused organisatsioonis on fookuse mujale viinud \u2013 see pole enam ammu see t\u00f6\u00f6, milleks ta kunagi ettev\u00f5ttesse l\u00e4ks. Perearst on diagnoosinud depressiooni. Arutame, millised on v\u00f5imalused organisatsioonist lahkuda. \u201cKuhu ma \u00fcldse sobin,\u201d muretseb naine, \u201csiin on kindlus olemas ja palk hea.\u201d Olgugi et parimates aastates naine pulbitseb annetest ja ideedest, mida oma eluga teha, j\u00e4\u00e4b ta oma t\u00f6\u00f6andjale lojaalseks. Perearst soovitab ravimeid edasi v\u00f5tta, kuni klient samas ettev\u00f5ttes edasi t\u00f6\u00f6tab.<\/p>\n<p>\t<a href=\"https:\/\/edasi.org\/toode\/edasi-eksklusiiv-3-kuud\/\" aria-label=\"Screenshot&#010;\" rel=\"nofollow noopener\" target=\"_blank\"><img loading=\"lazy\" decoding=\"async\" src=\"data:image\/svg+xml,%3Csvg%20xmlns=\" http:=\"\" alt=\"\" data-lazy- data-lazy- class=\"no-lazyload\" width=\"300\" height=\"600\" data-lazy-src=\"https:\/\/www.europesays.com\/ee\/wp-content\/uploads\/2026\/06\/Edasi_3-2-1_kamp_300x600_uus.webp\"\/><\/a><\/p>\n","protected":false},"excerpt":{"rendered":"Foto: Getty K\u00fcsid tuttavalt, et kuidas tal l\u00e4heb. Ta vastab, et pole viga. V\u00f5i j\u00e4\u00e4b ebalevaks. V\u00f5imalik, et&hellip;\n","protected":false},"author":2,"featured_media":198654,"comment_status":"","ping_status":"","sticky":false,"template":"","format":"standard","meta":{"footnotes":"","_share_on_mastodon":"0"},"categories":[80],"tags":[5558,26,27,2239,424,37,33,35,34,36,31,32,21,178,28,29,95,19,2913,25,2914,308,3353,83290,23,24,22,20,30,92,93,94],"class_list":["post-198653","post","type-post","status-publish","format-standard","has-post-thumbnail","category-maailm","tag-areng","tag-breaking-news","tag-breakingnews","tag-depressioon","tag-edasi","tag-ee","tag-eesti","tag-eesti-keel","tag-estonia","tag-estonian","tag-featured-news","tag-featurednews","tag-headlines","tag-kirjandus","tag-latest-news","tag-latestnews","tag-maailm","tag-news","tag-oppimine","tag-populaarseimad-lood","tag-positiivne","tag-tervis","tag-tooelu","tag-toovestlus","tag-top-stories","tag-topstories","tag-uldised-uudised","tag-uudised","tag-viimased-uudised","tag-world","tag-world-news","tag-worldnews"],"share_on_mastodon":{"url":"https:\/\/pubeurope.com\/@ee\/116716182713766425","error":""},"_links":{"self":[{"href":"https:\/\/www.europesays.com\/ee\/wp-json\/wp\/v2\/posts\/198653","targetHints":{"allow":["GET"]}}],"collection":[{"href":"https:\/\/www.europesays.com\/ee\/wp-json\/wp\/v2\/posts"}],"about":[{"href":"https:\/\/www.europesays.com\/ee\/wp-json\/wp\/v2\/types\/post"}],"author":[{"embeddable":true,"href":"https:\/\/www.europesays.com\/ee\/wp-json\/wp\/v2\/users\/2"}],"replies":[{"embeddable":true,"href":"https:\/\/www.europesays.com\/ee\/wp-json\/wp\/v2\/comments?post=198653"}],"version-history":[{"count":0,"href":"https:\/\/www.europesays.com\/ee\/wp-json\/wp\/v2\/posts\/198653\/revisions"}],"wp:featuredmedia":[{"embeddable":true,"href":"https:\/\/www.europesays.com\/ee\/wp-json\/wp\/v2\/media\/198654"}],"wp:attachment":[{"href":"https:\/\/www.europesays.com\/ee\/wp-json\/wp\/v2\/media?parent=198653"}],"wp:term":[{"taxonomy":"category","embeddable":true,"href":"https:\/\/www.europesays.com\/ee\/wp-json\/wp\/v2\/categories?post=198653"},{"taxonomy":"post_tag","embeddable":true,"href":"https:\/\/www.europesays.com\/ee\/wp-json\/wp\/v2\/tags?post=198653"}],"curies":[{"name":"wp","href":"https:\/\/api.w.org\/{rel}","templated":true}]}}