{"id":198786,"date":"2026-06-09T03:43:10","date_gmt":"2026-06-09T03:43:10","guid":{"rendered":"https:\/\/www.europesays.com\/ee\/198786\/"},"modified":"2026-06-09T03:43:10","modified_gmt":"2026-06-09T03:43:10","slug":"vene-vaed-on-hakanud-kinburni-saarelt-taanduma","status":"publish","type":"post","link":"https:\/\/www.europesays.com\/ee\/198786\/","title":{"rendered":"Vene v\u00e4ed on hakanud Kinburni s\u00e4\u00e4relt taanduma"},"content":{"rendered":"<p><a rel=\"noopener follow nofollow\" target=\"_blank\" href=\"https:\/\/t.me\/atesh_ua\/10207\" data-rel-date-range=\"[]\">Oma avalduses<\/a> viitas ATESH teabele, mille edastas \u00fcks nende agentidest, kes tegutseb Venemaa Dnepri v\u00e4e\u00fcksuste staabis.<\/p>\n<p>Liikumise andmetel on Venemaa 337. brigaadi \u00fcksused hakanud Kinburni s\u00e4\u00e4rel positsioone h\u00fclgama, kuna varustusteed on t\u00f5husalt \u00e4ra l\u00f5igatud, peatades laskemoona, k\u00fctuse ja toidu tarned.<\/p>\n<p>\u201eT\u00f5siste isikkoosseisu kaotuste t\u00f5ttu viiakse 337. brigaadi \u00fcksused rannikult tagasi \u2013 t\u00e4psemalt neeme p\u00f5hja- ja l\u00e4\u00e4neosast. Tulej\u00f5ud ei suuda toime tulla Ukraina kaitsej\u00f5udude droonide allatulistamisega ja ohvrite arv kasvab j\u00e4tkuvalt,\u201c seisab avalduses.<\/p>\n<p>ATESHi andmetel oli osa brigaadi koosseisust varem \u00fcmber paigutatud Zapori\u017e\u017eja suunas, mist\u00f5ttu j\u00e4id \u00fclej\u00e4\u00e4nud \u00fcksuste numbrid liialt v\u00e4ikeseks. R\u00fchmitus v\u00e4itis, et isikkoosseisu t\u00e4iendamist ei ole toimunud. Seega on Kinburni j\u00e4\u00e4nud vaid killustunud \u00fcksused.<\/p>\n<p>\u201eNeemele on j\u00e4\u00e4nud vaid \u00fcksuste j\u00e4\u00e4nused, kes ei suuda enam kaitset tagada. Selles sektoris on okupantide logistiline s\u00fcsteem t\u00e4ielikult kokku varisenud,\u201c teatas ATESH.<\/p>\n<p>Hiljuti muutus ATESH-i v\u00e4itel toimunud operatsiooni k\u00e4igus Peterburis naftatranspordis kasutatav diiselvedur t\u00f6\u00f6k\u00f5lbmatuks, mis h\u00e4iris naftalogistikat Venemaa loodeosas.<\/p>\n<p>Telegramis avaldatud avalduses teatas liikumine, et nende liikmed viisid Peterburis l\u00e4bi operatsiooni, mille k\u00e4igus s\u00fc\u00fcdati ja muudeti t\u00f6\u00f6k\u00f5lbmatuks diiselvedur, mis oli seotud naftatoodete transpordi ja piirkondlike t\u00f6\u00f6stuslike tarneahelate toetamisega.<\/p>\n<p>ATESH v\u00e4itis, et Venemaa loodeosa logistiline infrastruktuur on juba niigi pideva surve all, kuna raudteev\u00f5rk t\u00f6\u00f6tab peaaegu t\u00e4isv\u00f5imsusel.<\/p>\n<p>R\u00fchmitus lisas, et h\u00e4ired olulistes transpordis\u00f5lmedes v\u00f5ivad p\u00f5hjustada k\u00fctuse ja tooraine tarnete hilinemisi, mis m\u00f5jutab otseselt piirkonna t\u00f6\u00f6stusettev\u00f5tteid, eriti arvestades Ust-Luga logistikakeskuse strateegilist t\u00e4htsust.<\/p>\n<p>Lisaks teadetele Venemaa logistika ja v\u00e4gede liikumise suhtes avaldatava surve kohta <a rel=\"noopener follow nofollow\" target=\"_blank\" href=\"https:\/\/united24media.com\/war-in-ukraine\/russian-forces-suffer-mass-alcohol-poisoning-in-zaporizhzhia-direction-ukraine-reports-19010\" data-rel-date-range=\"[]\">on Ukraina luureteenistus viidanud<\/a> ka teistes sektorites Venemaa v\u00e4gesid m\u00f5jutavatele sisemistele vahejuhtumitele. <\/p>\n<p>Ukraina s\u00f5jav\u00e4eluure on pealt kuulanud sidevestlusi, millest v\u00f5ib j\u00e4reldada, et Zapori\u017e\u017eja oblasti Orihivi sektoris tegutsevate Venemaa v\u00e4gede seas on esinenud ohvreid seoses alkoholitarbimisega seotud massilise m\u00fcrgistusjuhtumiga.<\/p>\n<p>Vestluses v\u00e4idab \u00fcks Vene s\u00f5jav\u00e4elane, et mitu s\u00f5durit suri p\u00e4rast seda, kui nad olid v\u00e4idetavalt vaatluspunktis tarbinud m\u00fcrgitatud alkoholi. Tema vestluspartner kinnitab, et positsioonil oli umbes kaheksa kuni k\u00fcmme laipa, ning \u00fctleb, et neid ei evakueeritud v\u00e4hemalt viis kuni kuus p\u00e4eva.<\/p>\n<p>Kuidas see lugu Sind end tundma pani? Saada <a href=\"https:\/\/www.delfi.ee\/artikkel\/120589488\/vene-vaed-on-hakanud-kinburni-saarelt-taanduma\/kommentaarid\" class=\"article-body-bottom__comment article-body-bottom__comment--write button button--primary button--size-auto\" rel=\"nofollow noopener\" target=\"_blank\"> Kommenteeri <\/a><a href=\"https:\/\/www.delfi.ee\/artikkel\/120589488\/vene-vaed-on-hakanud-kinburni-saarelt-taanduma\/kommentaarid\" class=\"article-body-bottom__comment article-body-bottom__comment--read button button--size-auto\" rel=\"nofollow noopener\" target=\"_blank\"> Loe kommentaare (1)<\/a><\/p>\n","protected":false},"excerpt":{"rendered":"Oma avalduses viitas ATESH teabele, mille edastas \u00fcks nende agentidest, kes tegutseb Venemaa Dnepri v\u00e4e\u00fcksuste staabis. Liikumise andmetel&hellip;\n","protected":false},"author":2,"featured_media":198787,"comment_status":"","ping_status":"","sticky":false,"template":"","format":"standard","meta":{"footnotes":"","_share_on_mastodon":"0"},"categories":[80],"tags":[26,27,37,33,35,34,36,31,32,21,28,29,95,19,25,107,23,24,22,20,1931,30,92,93,94],"class_list":["post-198786","post","type-post","status-publish","format-standard","has-post-thumbnail","category-maailm","tag-breaking-news","tag-breakingnews","tag-ee","tag-eesti","tag-eesti-keel","tag-estonia","tag-estonian","tag-featured-news","tag-featurednews","tag-headlines","tag-latest-news","tag-latestnews","tag-maailm","tag-news","tag-populaarseimad-lood","tag-soda-ukrainas","tag-top-stories","tag-topstories","tag-uldised-uudised","tag-uudised","tag-vene-armee","tag-viimased-uudised","tag-world","tag-world-news","tag-worldnews"],"share_on_mastodon":{"url":"https:\/\/pubeurope.com\/@ee\/116718089168300147","error":""},"_links":{"self":[{"href":"https:\/\/www.europesays.com\/ee\/wp-json\/wp\/v2\/posts\/198786","targetHints":{"allow":["GET"]}}],"collection":[{"href":"https:\/\/www.europesays.com\/ee\/wp-json\/wp\/v2\/posts"}],"about":[{"href":"https:\/\/www.europesays.com\/ee\/wp-json\/wp\/v2\/types\/post"}],"author":[{"embeddable":true,"href":"https:\/\/www.europesays.com\/ee\/wp-json\/wp\/v2\/users\/2"}],"replies":[{"embeddable":true,"href":"https:\/\/www.europesays.com\/ee\/wp-json\/wp\/v2\/comments?post=198786"}],"version-history":[{"count":0,"href":"https:\/\/www.europesays.com\/ee\/wp-json\/wp\/v2\/posts\/198786\/revisions"}],"wp:featuredmedia":[{"embeddable":true,"href":"https:\/\/www.europesays.com\/ee\/wp-json\/wp\/v2\/media\/198787"}],"wp:attachment":[{"href":"https:\/\/www.europesays.com\/ee\/wp-json\/wp\/v2\/media?parent=198786"}],"wp:term":[{"taxonomy":"category","embeddable":true,"href":"https:\/\/www.europesays.com\/ee\/wp-json\/wp\/v2\/categories?post=198786"},{"taxonomy":"post_tag","embeddable":true,"href":"https:\/\/www.europesays.com\/ee\/wp-json\/wp\/v2\/tags?post=198786"}],"curies":[{"name":"wp","href":"https:\/\/api.w.org\/{rel}","templated":true}]}}