{"id":198973,"date":"2026-06-09T09:04:10","date_gmt":"2026-06-09T09:04:10","guid":{"rendered":"https:\/\/www.europesays.com\/ee\/198973\/"},"modified":"2026-06-09T09:04:10","modified_gmt":"2026-06-09T09:04:10","slug":"graafikud-zelenskoi-tuli-koduvaljakule-innukaimad-ukraina-toetajad-on-just-pohja-ja-baltimaades","status":"publish","type":"post","link":"https:\/\/www.europesays.com\/ee\/198973\/","title":{"rendered":"GRAAFIKUD | Zelensk\u00f5i tuli koduv\u00e4ljakule. Innukaimad Ukraina toetajad on just P\u00f5hja- ja Baltimaades"},"content":{"rendered":"<p>Osutatud abi protsent v\u00f5rrelduna SKP-ga on olnud k\u00f5ige suurem Taanis, j\u00e4rgnevad Eesti, Leedu, Norra, Rootsi, L\u00e4ti ja Soome. P\u00f5hjamaadest j\u00e4\u00e4b tahapoole vaid v\u00e4ikeriik Island, mille toetusprotsent SKP-st on pisut v\u00e4iksem suurriigi Ameerika \u00dchendriikide omast (0,59%).<\/p>\n<p>P\u00f5hiliste Ukraina toetajate panus t\u00e4iemahulise s\u00f5ja jooksul on p\u00e4rast Donald Trumpi teise valitsemisaja algust muutunud. <\/p>\n<p>Oled juba tellija?Logi sisse<\/p>\n<p><a href=\"https:\/\/www.delfi.ee\/artikkel\/120589356\/graafikud-zelenskoi-tuli-koduvaljakule-innukaimad-ukraina-toetajad-on-just-pohja-ja-baltimaades\/kommentaarid\" class=\"article-body-bottom__comment article-body-bottom__comment--write button button--primary button--size-auto\" rel=\"nofollow noopener\" target=\"_blank\"> Kommenteeri <\/a><a href=\"https:\/\/www.delfi.ee\/artikkel\/120589356\/graafikud-zelenskoi-tuli-koduvaljakule-innukaimad-ukraina-toetajad-on-just-pohja-ja-baltimaades\/kommentaarid\" class=\"article-body-bottom__comment article-body-bottom__comment--read button button--size-auto\" rel=\"nofollow noopener\" target=\"_blank\"> Loe kommentaare (12)<\/a><\/p>\n","protected":false},"excerpt":{"rendered":"Osutatud abi protsent v\u00f5rrelduna SKP-ga on olnud k\u00f5ige suurem Taanis, j\u00e4rgnevad Eesti, Leedu, Norra, Rootsi, L\u00e4ti ja Soome.&hellip;\n","protected":false},"author":2,"featured_media":198974,"comment_status":"","ping_status":"","sticky":false,"template":"","format":"standard","meta":{"footnotes":"","_share_on_mastodon":"0"},"categories":[12],"tags":[2332,26,27,37,33,35,34,36,31,32,21,31486,28,29,19,5818,25,1049,25248,107,23,24,124,22,20,96,30],"class_list":["post-198973","post","type-post","status-publish","format-standard","has-post-thumbnail","category-eesti","tag-balti-riigid","tag-breaking-news","tag-breakingnews","tag-ee","tag-eesti","tag-eesti-keel","tag-estonia","tag-estonian","tag-featured-news","tag-featurednews","tag-headlines","tag-kieli-instituut","tag-latest-news","tag-latestnews","tag-news","tag-pohjamaad","tag-populaarseimad-lood","tag-soda","tag-soda-ukraina","tag-soda-ukrainas","tag-top-stories","tag-topstories","tag-ukraina-soda","tag-uldised-uudised","tag-uudised","tag-venemaa","tag-viimased-uudised"],"share_on_mastodon":{"url":"https:\/\/pubeurope.com\/@ee\/116719351547211064","error":""},"_links":{"self":[{"href":"https:\/\/www.europesays.com\/ee\/wp-json\/wp\/v2\/posts\/198973","targetHints":{"allow":["GET"]}}],"collection":[{"href":"https:\/\/www.europesays.com\/ee\/wp-json\/wp\/v2\/posts"}],"about":[{"href":"https:\/\/www.europesays.com\/ee\/wp-json\/wp\/v2\/types\/post"}],"author":[{"embeddable":true,"href":"https:\/\/www.europesays.com\/ee\/wp-json\/wp\/v2\/users\/2"}],"replies":[{"embeddable":true,"href":"https:\/\/www.europesays.com\/ee\/wp-json\/wp\/v2\/comments?post=198973"}],"version-history":[{"count":0,"href":"https:\/\/www.europesays.com\/ee\/wp-json\/wp\/v2\/posts\/198973\/revisions"}],"wp:featuredmedia":[{"embeddable":true,"href":"https:\/\/www.europesays.com\/ee\/wp-json\/wp\/v2\/media\/198974"}],"wp:attachment":[{"href":"https:\/\/www.europesays.com\/ee\/wp-json\/wp\/v2\/media?parent=198973"}],"wp:term":[{"taxonomy":"category","embeddable":true,"href":"https:\/\/www.europesays.com\/ee\/wp-json\/wp\/v2\/categories?post=198973"},{"taxonomy":"post_tag","embeddable":true,"href":"https:\/\/www.europesays.com\/ee\/wp-json\/wp\/v2\/tags?post=198973"}],"curies":[{"name":"wp","href":"https:\/\/api.w.org\/{rel}","templated":true}]}}