{"id":199019,"date":"2026-06-09T09:58:15","date_gmt":"2026-06-09T09:58:15","guid":{"rendered":"https:\/\/www.europesays.com\/ee\/199019\/"},"modified":"2026-06-09T09:58:15","modified_gmt":"2026-06-09T09:58:15","slug":"vasakpoolne-demokraat-paases-vabariiklase-ees-la-meerivalimiste-teise-vooru-valismaa","status":"publish","type":"post","link":"https:\/\/www.europesays.com\/ee\/199019\/","title":{"rendered":"Vasakpoolne demokraat p\u00e4\u00e4ses vabariiklase ees LA meerivalimiste teise vooru | V\u00e4lismaa"},"content":{"rendered":"<p>USA meedia teatel astub vasakpoolne demokraat Nithya Raman novembris Los Angelese linnapea valimiste teises voorus vastamisi ametisoleva meeri Karen Bassiga (demokraat), l\u00fc\u00fces valimisv\u00f5itlusest v\u00e4lja vabariiklasest kandidaadi.<\/p>\n<p>Los Angelese maakonna valimisregistri andmetel kogus Los Angelese linnavolikogusse kuuluv demokraatlik sotsialist Raman esmasp\u00e4eva hilis\u00f5htuse seisuga 28,5 protsenti h\u00e4\u00e4ltest, edestades vabariiklast Spencer Pratti, kelle toetus oli 25,8 protsenti.<\/p>\n<p>Teisele kohale tulnud kandidaat l\u00e4heb novembris vastamisi ametisoleva linnapea Bassiga. Viimane valiti USA suuruselt teise linna etteotsa esmakordselt 2022. aastal ning on oma ametiajal sattunud kriitika alla.<\/p>\n<p>Endine t\u00f5sielusarja staar Pratt, kelle maja p\u00f5les maha mullu Los Angelese piirkonda laastanud tulekahjudes, keskendus oma kampaanias laialdasele vihale linna aeglase \u00fclesehitusprotsessi, auklike teede, narkos\u00f5ltlastest kodutute ning ebaefektiivse ja erihuvide m\u00f5ju all oleva linnavalitsuse vastu.<\/p>\n<p>Tema kandidatuur oli p\u00e4rast valimisjaoskondade sulgemist m\u00f6\u00f6dunud teisip\u00e4eval teisel kohal, kuid langes edetabelis p\u00e4rast posti teel saadetud h\u00e4\u00e4lte lugemist.<\/p>\n<p>Californias saadetakse h\u00e4\u00e4letussedelid k\u00f5igile registreeritud valijatele postiga ja need kehtivad, kui need on postitatud hiljemalt valimisp\u00e4eval, mis t\u00e4hendab, et m\u00f5ned neist ei j\u00f5ua h\u00e4\u00e4ltelugemiskeskusesse enne, kui mitu p\u00e4eva p\u00e4rast valimisjaoskondade sulgemist.<\/p>\n<p>See t\u00e4hendab, et California on tulemuste kinnitamisega alati aeglane, mis valmistab pettumust paljudele valijatele.<\/p>\n","protected":false},"excerpt":{"rendered":"USA meedia teatel astub vasakpoolne demokraat Nithya Raman novembris Los Angelese linnapea valimiste teises voorus vastamisi ametisoleva meeri&hellip;\n","protected":false},"author":2,"featured_media":199020,"comment_status":"","ping_status":"","sticky":false,"template":"","format":"standard","meta":{"footnotes":"","_share_on_mastodon":"0"},"categories":[80],"tags":[26,27,5875,6451,37,33,35,34,36,31,32,21,28,29,8918,95,19,25,23,24,22,325,20,6452,30,92,93,94],"class_list":["post-199019","post","type-post","status-publish","format-standard","has-post-thumbnail","category-maailm","tag-breaking-news","tag-breakingnews","tag-california","tag-demokraadid","tag-ee","tag-eesti","tag-eesti-keel","tag-estonia","tag-estonian","tag-featured-news","tag-featurednews","tag-headlines","tag-latest-news","tag-latestnews","tag-los-angeles","tag-maailm","tag-news","tag-populaarseimad-lood","tag-top-stories","tag-topstories","tag-uldised-uudised","tag-usa","tag-uudised","tag-vabariiklased","tag-viimased-uudised","tag-world","tag-world-news","tag-worldnews"],"share_on_mastodon":{"url":"https:\/\/pubeurope.com\/@ee\/116719564029752231","error":""},"_links":{"self":[{"href":"https:\/\/www.europesays.com\/ee\/wp-json\/wp\/v2\/posts\/199019","targetHints":{"allow":["GET"]}}],"collection":[{"href":"https:\/\/www.europesays.com\/ee\/wp-json\/wp\/v2\/posts"}],"about":[{"href":"https:\/\/www.europesays.com\/ee\/wp-json\/wp\/v2\/types\/post"}],"author":[{"embeddable":true,"href":"https:\/\/www.europesays.com\/ee\/wp-json\/wp\/v2\/users\/2"}],"replies":[{"embeddable":true,"href":"https:\/\/www.europesays.com\/ee\/wp-json\/wp\/v2\/comments?post=199019"}],"version-history":[{"count":0,"href":"https:\/\/www.europesays.com\/ee\/wp-json\/wp\/v2\/posts\/199019\/revisions"}],"wp:featuredmedia":[{"embeddable":true,"href":"https:\/\/www.europesays.com\/ee\/wp-json\/wp\/v2\/media\/199020"}],"wp:attachment":[{"href":"https:\/\/www.europesays.com\/ee\/wp-json\/wp\/v2\/media?parent=199019"}],"wp:term":[{"taxonomy":"category","embeddable":true,"href":"https:\/\/www.europesays.com\/ee\/wp-json\/wp\/v2\/categories?post=199019"},{"taxonomy":"post_tag","embeddable":true,"href":"https:\/\/www.europesays.com\/ee\/wp-json\/wp\/v2\/tags?post=199019"}],"curies":[{"name":"wp","href":"https:\/\/api.w.org\/{rel}","templated":true}]}}