{"id":199023,"date":"2026-06-09T10:00:17","date_gmt":"2026-06-09T10:00:17","guid":{"rendered":"https:\/\/www.europesays.com\/ee\/199023\/"},"modified":"2026-06-09T10:00:17","modified_gmt":"2026-06-09T10:00:17","slug":"kas-henn-teeb-kahest-kaks-voi-leedu-saab-revansi-ja-lopetab-16-aastase-voidupoua-treeningu-galerii-soccernet-ee","status":"publish","type":"post","link":"https:\/\/www.europesays.com\/ee\/199023\/","title":{"rendered":"Kas Henn teeb kahest kaks v\u00f5i Leedu saab revan\u0161i ja l\u00f5petab 16-aastase v\u00f5idup\u00f5ua? (treeningu galerii!) &#8211; Soccernet.ee"},"content":{"rendered":"<p><img decoding=\"async\" src=\"https:\/\/www.europesays.com\/ee\/wp-content\/uploads\/2026\/06\/1780984797.jpg\" alt=\"Eesti koondise peatreener J\u00fcrgen Henn. Foto: Liisi Troska \/ jalgpall.ee\"\/>&#13;\n<\/p>\n<p>Eesti meeste koondis jahib ajaloo kuuendat ja J\u00fcrgen Henni ametiajal juba teist Balti turniiri v\u00f5itu. Teekond on peaaegu samasugune nagu kaks aastat tagasi.\u00a0&#8220;Alles pool t\u00f6\u00f6d on tehtud! Me ei tulnud siia turniirile \u00fchte m\u00e4ngu v\u00f5itma,&#8221; lausus Henn laup\u00e4eval P\u00e4rnus.<\/p>\n<ul>&#13;<\/p>\n<li>Vaata Liisi Troska pildigaleriid Eesti koondise finaalieelsest treeningust artikli alt!<\/li>\n<p>&#13;\n<\/ul>\n<p>Kui kaks aastat tagasi saadi A. Le Coq Arenal poolfinaalis F\u00e4\u00e4ri saartest 4:1 jagu, siis t\u00e4navu alistati sama vastane P\u00e4rnu Rannastaadionil Patrik Kristali s\u00f6\u00f6dust ja Tony Varjundi deb\u00fc\u00fctv\u00e4ravast 1:0. Finaal kordub ehk teist turniiri j\u00e4rjest kohtutakse esikoham\u00e4ngus Leeduga. Kui tunamullu m\u00e4ngiti Kaunases ja Eesti krooniti v\u00f5itjaks 1:1 l\u00f5ppenud normaalaja j\u00e4rel penaltiseerias, siis n\u00fc\u00fcd minnakse vastamisi A. Le Coq Arenal.&#13;\n<\/p>\n<p>Eesti poolkaitsja Kevor Palumets r\u00e4\u00e4kis m\u00e4ngueelsel pressikonverentsil, et meeskond on ka seekord penaltiseeriaks valmis, aga lisas, et loodetavasti pole penalteid vaja.\u00a0&#8220;Ikka oleme harjutanud. Tunnen ennast kindlalt ja meil on v\u00e4ga head v\u00e4ravavahid, aga loodame normaalajaga \u00e4ra otsustada,&#8221; s\u00f5nas ta.&#13;\n<\/p>\n<p>Palumets on Henni juhendamisel kerkinud p\u00f5him\u00e4ngijaks, kes on tihedas konkurentsis keskv\u00e4ljal saanud palju minuteid. Leedu koondise peatreener Edgaras Jankauskas nimetas Palumetsa ja poolfinaali F\u00e4\u00e4ri saarte vastu tervisemure t\u00f5ttu k\u00f5rvalt j\u00e4lginud Rocco Robert Sheini v\u00f5tmem\u00e4ngijateks.<\/p>\n<p>&#8220;Eesti k\u00f5ige olulisemad m\u00e4ngijad on ilmselt Shein ja Palumets. Nad proovivad keskv\u00e4lja kontrollida, nad tahavad tempot kontrollida, nad k\u00fcsivad palju palli ja kaitsjad leiavad nad alati,&#8221; lausus Jankauskas, kes v\u00f5rdles Eesti koondist Skandinaavia meeskondadega, sest peaaegu k\u00f5ik m\u00e4ngijad on \u00fcle 180 sentimeetri pikad.&#13;\n<\/p>\n<p>Kui Eesti on finaalis tiitlikaitsja, siis Leedu proovib l\u00f5petada 16 aastat kestnud seeriat, sest viimati v\u00f5ideti Balti turniir 2010. aastal. &#8220;See on kohutav fakt!&#8221; m\u00e4rkis Jankauskas. &#8220;Tahame selle seeria v\u00f5imalikult kiiresti l\u00f5petada ja ma arvan, et meil on head v\u00f5imalused,&#8221; lisas 51-aastane juhendaja, kes on Leedu peatreener alates 2023. aastast.&#13;\n<\/p>\n<p><img decoding=\"async\" src=\"https:\/\/www.europesays.com\/ee\/wp-content\/uploads\/2026\/06\/1780984904.jpg\" alt=\"Eesti ja Leedu kohtusid Balti turniiri finaalis ka 2024. aastal. Foto: Liisi Troska \/ jalgpall.ee\"\/>&#13;\n<\/p>\n<p>See t\u00e4hendab, et kahe aasta tagune kaotatud finaal on Jankauskasel h\u00e4sti meeles. &#8220;Kui laseme Eestil m\u00e4ngida ega survesta neid, siis on meil v\u00e4ga raske. M\u00e4letan, et kaks aastat tagasi me ei kontrollinud palliga m\u00e4ngu ja see valmistas mulle pettumuse. Sama suure pettumuse nagu l\u00f5pptulemus. Meil olid v\u00f5ib-olla paremad v\u00f5imalused, aga m\u00e4ngisime palliga palju v\u00e4hem.&#8221;<\/p>\n<p>Jankauskas lisas, et pikk v\u00f5idup\u00f5ud on nende suurim motivaator. &#8220;16 aastat ilma karikav\u00f5iduta ja piirkonna n\u00f5rgim koondis olemine peaks igale m\u00e4ngijale ja f\u00e4nnile haiget tegema. Tean, et me tegelikult ei ole olnud k\u00f5ige n\u00f5rgemad, aga asjad on l\u00e4inud nii, et me pole suutnud seda karikat v\u00f5ita.&#8221;&#13;\n<\/p>\n<p>Muudatusi tuleb, aga kui palju?&#13;\n<\/p>\n<p>Kuna poolfinaalid m\u00e4ngiti laup\u00e4eval ehk meeskondadel oli vaid kaks puhkep\u00e4eva, siis m\u00f5lemad peatreenerid lubasid algkoosseisus m\u00f5ningaid muudatusi. Eesti olukorda on seganud vigastused, sest r\u00fcndajad Rauno Sappinen ja Mark Anders Lepik ei saa meeskonda finaalis aidata.&#13;\n<\/p>\n<p>&#8220;Soovime tuua v\u00e4rskust ja leida m\u00e4ngijaid, kes aitavad hoida positiivset energiat. Lisaks m\u00e4ngijad, kes aitaksid leida \u00f5iged k\u00e4igud, mis klapivad Leedu vastu. Mingid vahetused algkoosseisus kindlasi teeme,&#8221; lausus Henn. K\u00f5ike arvestades ei ole kindlasti m\u00f5istlik teha palju vahetusi. Sama r\u00f5hutas ka Leedu juhendaja Jankauskas.<\/p>\n<p>Kuna kaks r\u00fcndajat on vigastatud, siis Henn kutsus koondisesse Karel Mustmaa ja Martin Milleri. &#8220;L\u00e4htusime sellest, et eespool oleks erineva profiiliga m\u00e4ngijaid. Lisaks n\u00e4itas Karel, et kui U21 koondises h\u00e4sti m\u00e4ngida, siis seda m\u00e4rgatakse. Ta k\u00fcll m\u00e4ngis eelmises m\u00e4ngus palju minuteid, aga esimeses v\u00e4hem. Ma arvan, et ta on okeis seisus. Millerit n\u00e4eme teise r\u00fcndajana v\u00f5i number k\u00fcmnena keskv\u00e4ljal. Ta annab mitmek\u00fclgsust.&#8221;&#13;\n<\/p>\n<p>Kuna Mustmaa m\u00e4ngis reedel Eesti U21 koondises umbes 20 minutit ja p\u00fchap\u00e4eval 70 minutit, siis tema alustamine Leedu vastu on pigem ebat\u00f5en\u00e4oline. Sel juhul on r\u00fcndajatest valikus vaid F\u00e4\u00e4ri saarte vastu t\u00e4ism\u00e4ngu teinud Varjund ja esimesel poolajal Lepiku vigastuse t\u00f5ttu vahetusest sekkunud Mattias M\u00e4nnilaan, aga r\u00fcndajana v\u00f5ib m\u00e4ngida ka n\u00e4iteks Robi Saarma, kes P\u00e4rnus sekkus 65. minutil \u00e4\u00e4rele Kristo Hussari asemele.&#13;\n<\/p>\n<p><img decoding=\"async\" src=\"https:\/\/www.europesays.com\/ee\/wp-content\/uploads\/2026\/06\/1780984996.jpg\" alt=\"Mitu muudatust tuleb Eesti algkoosseisus? Foto: Brit Maria Tael\"\/>&#13;\n<\/p>\n<p>Kui Lepik ja Hussar v\u00e4lja arvata, siis \u00fclej\u00e4\u00e4nud P\u00e4rnus alustanud mehed said kirja t\u00e4ism\u00e4ngu v\u00f5i peaaegu t\u00e4ism\u00e4ngu, sest 86. minutil tehtud kolmikvahetuse k\u00e4igus said puhkama Palumets, Kristal ja Vlasi Sinjavski. N\u00fc\u00fcd on k\u00fcsimused, kuidas on m\u00e4ngijad taastunud ja kui palju soovib Henn muudatusi teha, et koost\u00f6\u00f6 v\u00e4ljakul sujuks. Lisaks on koondises m\u00f5ned m\u00e4ngijad, kellele Henn ilmselt tahab minuteid anda enne Rahvuste liiga hooaega.<\/p>\n<p>Henni s\u00f5nul on Leedu m\u00f5nes m\u00f5ttes sarnane meeskond F\u00e4\u00e4ri saartega. &#8220;Suhteliselt agressiivse m\u00e4ngustiiliga &#8211; \u00fcritavad k\u00f5rgelt pressida ja k\u00f5rgelt palle tagasi v\u00f5ita. K\u00f5rgemal meie pool ei taha v\u00e4ga palju ruumi anda, samas v\u00f5ivad olla kompaktsemad ja m\u00e4ngida p\u00e4ris j\u00f5uliselt. Mingid sarnased jooned F\u00e4\u00e4ri saartega on olemas,&#8221; lausu Eesti peatreener.&#13;\n<\/p>\n<p>Eesti ja Leedu A-koondised on ajaloos kohtunud 52 korda, millest Eesti on v\u00f5itnud 23, Leedu 21 ja viiki on j\u00e4\u00e4nud kaheksa kohtumist. Eesti on rohkem m\u00e4nginud vaid L\u00e4tiga &#8211; 57 korda. Balti turniiri v\u00f5itjaks on L\u00e4ti kroonitud rekordilised 13 korda (viimati 2018), Leedu k\u00fcmme korda (viimati 2010) ja Eesti viis korda (viimati 2024).&#13;\n<\/p>\n<p>T\u00e4navune Balti turniiri finaal Eesti ja Leedu vahel algab A. Le Coq Arenal 9. juunil kell 19.00. M\u00e4ngust n\u00e4itab otsepilti ETV2 ja ERR-i spordiportaal. Soccernet.ee vahendab s\u00fcndmusi tekstip\u00f5hises LIVE-\u00fclekandes.\u00a0&#13;\n<\/p>\n<p>* * *&#13;\n<\/p>\n<p><img decoding=\"async\" src=\"https:\/\/www.europesays.com\/ee\/wp-content\/uploads\/2026\/06\/1780908879.png\" align=\"right\" alt=\"\"\/><img decoding=\"async\" src=\"https:\/\/www.europesays.com\/ee\/wp-content\/uploads\/2026\/04\/1633642667.png\" align=\"right\" alt=\"\" style=\"font-weight: 700;\"\/>&#13;\n<\/p>\n<p>9. juunil kell 19.00 A. Le Coq Arenal<\/p>\n<p>Eesti &#8211; Leedu<br \/>&#13;<br \/>\nPeakohtunik:\u00a0Vitalijs Spasjonnikovs (L\u00e4ti)<br \/>&#13;<br \/>\nAbikohtunikud:\u00a0Aleksejs Spasennikovs,\u00a0Raimonds Tatriks (m\u00f5lemad L\u00e4ti)<br \/>&#13;<br \/>\nNeljas kohtunik: Rasmus Maalinn (Eesti)&#13;\n<\/p>\n<p>Viimased omavahelised m\u00e4ngud:&#13;\n<\/p>\n<p>11.06.2024 Leedu &#8211; Eesti 1:1, penaltid 3:4 (84. Matulevicius &#8211; 82. Lepik)<br \/>&#13;<br \/>\n19.11.2022 Eesti &#8211; Leedu 2:0 (65. Zenjov, 89. Peetson)<br \/>&#13;<br \/>\n01.06.2021 Leedu &#8211; Eesti 0:1 (59. Anier)<br \/>&#13;<br \/>\n07.10.2020 Eesti &#8211; Leedu 1:3 (58. Marin &#8211; 14., 46. Novikovas, 32. Sirgedas)<br \/>&#13;<br \/>\n30.05.2018 Eesti &#8211; Leedu 2:0 (23. Ojamaa, 42. K\u00e4it)&#13;\n<\/p>\n<p>Eesti eeldatav algkoosseis:&#13;\n<\/p>\n<p><img decoding=\"async\" src=\"https:\/\/www.europesays.com\/ee\/wp-content\/uploads\/2026\/06\/1780966546.png\" alt=\"\"\/>&#13;\n<\/p>\n<p>Eesti koondise koosseis:\u00a0&#13;\n<\/p>\n<p>V\u00e4ravavahid<br \/>&#13;<br \/>\n1 Karl Jakob Hein (13.04.2002) \u2013 SV Bremeni Werder (GER) 46\/0<br \/>&#13;<br \/>\n22 Kaur Kivila (22.11.2003) \u2013 Tallinna FC Flora 1\/0<br \/>&#13;<br \/>\n12 Henri Perk (14.10.1999) \u2013 N\u00f5mme Kalju FC 0\/0&#13;\n<\/p>\n<p>Kaitsjad<br \/>&#13;<br \/>\n23 Vlasi Sinyavski (27.11.1996) \u2013 Ostrava Banik (CZE) 49\/1<br \/>&#13;<br \/>\n2 M\u00e4rten Kuusk (05.04.1996) \u2013 GKS Katowice (POL) 43\/0<br \/>&#13;<br \/>\n24 Frank Liivak (07.07.1996) \u2013 Tallinna FCI Levadia 26\/3<br \/>&#13;<br \/>\n6 Rasmus Peetson (03.05.1995) \u2013 Tallinna FCI Levadia 26\/2<br \/>&#13;<br \/>\n9 Ioan Yakovlev (19.01.1998) \u2013 Panionios (GRE) 14\/1<br \/>&#13;<br \/>\n19 Kristo Hussar (28.06.2002) \u2013 AS Trencin (SVK) 8\/0<br \/>&#13;<br \/>\n26 Erko Jonne T\u00f5ugjas (05.07.2003) \u2013 Halmstad BK (SWE) 8\/0<br \/>&#13;<br \/>\n18 Tanel Tammik (14.06.2002) &#8211; Tallinna FCI Levadia 2\/1<br \/>&#13;<br \/>\n3 Mihhail Kolobov (02.03.2005) \u2013 Tallinna FC Flora 1\/0<br \/>&#13;<br \/>\n13 Kristofer K\u00e4it (04.04.2005) \u2013 Portimonense SC (POR) 1\/0&#13;\n<\/p>\n<p>Poolkaitsjad<br \/>&#13;<br \/>\n4 Mattias K\u00e4it (29.06.1998) \u2013 FC Thun (SUI) 65\/11<br \/>&#13;<br \/>\n21 Martin Miller (25.09.1997) \u2013 Paide Linnameeskond 40\/2<br \/>&#13;<br \/>\n20 Markus Poom (27.02.1999) \u2013 AS Trencin (SVK) 35\/0<br \/>&#13;<br \/>\n5 Rocco Robert Shein (14.07.2003) \u2013 Fredrikstad FK (NOR) 24\/1<br \/>&#13;<br \/>\n17 Vladislav Kreida (25.09.1999) \u2013 Tallinna FC Flora 24\/0<br \/>&#13;<br \/>\n8 Markus Soomets (02.03.2000) \u2013 IK Start (NOR) 23\/0<br \/>&#13;<br \/>\n10 Kevor Palumets (21.11.2002) \u2013 Podbrezova \u017deleziarne (SVK) 20\/1<br \/>&#13;<br \/>\n7 Robi Saarma (20.05.2001) \u2013 Pardubice (CZE) 15\/1<br \/>&#13;<br \/>\n14 Patrik Kristal (12.11.2007) \u2013 FC K\u00f6ln (GER) 13\/0&#13;\n<\/p>\n<p>R\u00fcndajad<br \/>&#13;<br \/>\n11 Karel Mustmaa (08.08.2005) \u2013 Thessaloniki PAOK (GRE) 4\/0<br \/>&#13;<br \/>\n25 Mattias M\u00e4nnilaan (08.09.2001) \u2013 N\u00f5mme Kalju FC 3\/0<br \/>&#13;<br \/>\n16 Tony Varjund (21.06.2007) \u2013 Tallinna FC Flora 1\/1&#13;\n<\/p>\n<p>Peatreener: J\u00fcrgen Henn&#13;\n<\/p>\n<p>Leedu koondise koosseis:&#13;\n<\/p>\n<p>V\u00e4ravavahid<br \/>&#13;<br \/>\n1 Arnas Voitinovicius (30.08.2006) \u2013 Benfica (POR) 0\/0<br \/>&#13;<br \/>\n12 Tomas \u0160vedkauskas (22.06.1994) \u2013 Kaunase \u017dalgiris 18\/0<br \/>&#13;<br \/>\n23 Ignas Plukas (08.12.1993) \u2013 Sudava 1\/0&#13;\n<\/p>\n<p>Kaitsjad<br \/>&#13;<br \/>\n2 Artemijus Tuty\u0161kinas (08.08.2003) \u2013 NK Celje (SVN) 23\/0<br \/>&#13;<br \/>\n3 Edgaras Utkus (22.06.2000) \u2013 Al-Kholood (KSA) 26\/0<br \/>&#13;<br \/>\n5 \u017dygimantas Baltrunas (11.03.2002) \u2013 Sudava 2\/0<br \/>&#13;<br \/>\n13 Justas Lasickas (06.10.1997) \u2013 HNK Rijeka (CRO) 70\/3<br \/>&#13;<br \/>\n18 Vilius Armalas (21.07.2000) \u2013 MTK Budapest (HUN) 10\/0<br \/>&#13;<br \/>\n19 Klaudijus Upstas (30.10.1994) \u2013 Vilniuse \u017dalgiris 14\/0<br \/>&#13;<br \/>\n20 Ricardas \u0160veikauskas (09.04.1997) \u2013 FK TransINVEST 0\/0&#13;\n<\/p>\n<p>Poolkaitsjad<br \/>&#13;<br \/>\n4 Edvinas Kloniunas (28.06.1998) \u2013 FK TransINVEST 1\/0<br \/>&#13;<br \/>\n6 Modestas Vorobjovas (30.12.1995) \u2013 Istnbulspor (TUR) 51\/1<br \/>&#13;<br \/>\n8 Matijus Remeikis (28.03.2003) \u2013 Hegelmann 5\/0<br \/>&#13;<br \/>\n10 Tomas Kalinauskas (27.04.2000) \u2013 Roda JC (NED) 11\/0<br \/>&#13;<br \/>\n11 Arvydas Novikovas (18.12.1990) \u2013 Riteriai 97\/12<br \/>&#13;<br \/>\n15 Gvidas Gineitis (15.4.2004) \u2013 Torino (ITA) 31\/5<br \/>&#13;<br \/>\n16 Lukas Michelbrink (15.04.2005) \u2013 Energie Cottbus (GER) 3\/0<br \/>&#13;<br \/>\n17 Domantas \u0160luta (01.10.2004) \u2013 FK TransINVEST 1\/0<br \/>&#13;<br \/>\n22 Vaidas Magdu\u0161auskas (02.12.2003) \u2013 Banga 1\/0&#13;\n<\/p>\n<p>R\u00fcndajad<br \/>&#13;<br \/>\n7 Eligijus Jankauskas (22.06.1998) \u2013 H Rishon leZion (ISR) 13\/0<br \/>&#13;<br \/>\n9 Meinardas Mikulenas (09.07.2002) \u2013 Sudava 1\/0<br \/>&#13;<br \/>\n14 Armandas Kucys (27.02.2003) \u2013 NK Celje (SVN) 18\/6<br \/>&#13;<br \/>\n21 Motiejus Burba (10.08.2003) \u2013 Kaunase \u017dalgiris 5\/0<br \/>&#13;<br \/>\n24 Ignas Venckus (17.07.2001) \u2013 Banga 0\/0&#13;\n<\/p>\n<p>Peatreener: Edgaras Jankauskas&#13;<\/p>\n","protected":false},"excerpt":{"rendered":"&#13; Eesti meeste koondis jahib ajaloo kuuendat ja J\u00fcrgen Henni ametiajal juba teist Balti turniiri v\u00f5itu. Teekond on&hellip;\n","protected":false},"author":2,"featured_media":199024,"comment_status":"","ping_status":"","sticky":false,"template":"","format":"standard","meta":{"footnotes":"","_share_on_mastodon":"0"},"categories":[5],"tags":[9597,83325,26,27,83326,37,33,35,5289,5290,34,36,31,32,21,8054,83327,6611,918,28,29,115,4119,83328,19,10105,25,23,24,22,20,30],"class_list":["post-199023","post","type-post","status-publish","format-standard","has-post-thumbnail","category-uldised-uudised","tag-balti-turniir","tag-balti-turniiri-finaal","tag-breaking-news","tag-breakingnews","tag-edgaras-jankauskas","tag-ee","tag-eesti","tag-eesti-keel","tag-eesti-koondis","tag-eesti-meeste-koondis","tag-estonia","tag-estonian","tag-featured-news","tag-featurednews","tag-headlines","tag-henn","tag-jankauskas","tag-jurgen-henn","tag-kevor-palumets","tag-latest-news","tag-latestnews","tag-leedu","tag-leedu-koondis","tag-leedu-meeste-koondis","tag-news","tag-palumets","tag-populaarseimad-lood","tag-top-stories","tag-topstories","tag-uldised-uudised","tag-uudised","tag-viimased-uudised"],"share_on_mastodon":{"url":"","error":"Validation failed: Text character limit of 500 exceeded"},"_links":{"self":[{"href":"https:\/\/www.europesays.com\/ee\/wp-json\/wp\/v2\/posts\/199023","targetHints":{"allow":["GET"]}}],"collection":[{"href":"https:\/\/www.europesays.com\/ee\/wp-json\/wp\/v2\/posts"}],"about":[{"href":"https:\/\/www.europesays.com\/ee\/wp-json\/wp\/v2\/types\/post"}],"author":[{"embeddable":true,"href":"https:\/\/www.europesays.com\/ee\/wp-json\/wp\/v2\/users\/2"}],"replies":[{"embeddable":true,"href":"https:\/\/www.europesays.com\/ee\/wp-json\/wp\/v2\/comments?post=199023"}],"version-history":[{"count":0,"href":"https:\/\/www.europesays.com\/ee\/wp-json\/wp\/v2\/posts\/199023\/revisions"}],"wp:featuredmedia":[{"embeddable":true,"href":"https:\/\/www.europesays.com\/ee\/wp-json\/wp\/v2\/media\/199024"}],"wp:attachment":[{"href":"https:\/\/www.europesays.com\/ee\/wp-json\/wp\/v2\/media?parent=199023"}],"wp:term":[{"taxonomy":"category","embeddable":true,"href":"https:\/\/www.europesays.com\/ee\/wp-json\/wp\/v2\/categories?post=199023"},{"taxonomy":"post_tag","embeddable":true,"href":"https:\/\/www.europesays.com\/ee\/wp-json\/wp\/v2\/tags?post=199023"}],"curies":[{"name":"wp","href":"https:\/\/api.w.org\/{rel}","templated":true}]}}