{"id":199097,"date":"2026-06-09T11:27:12","date_gmt":"2026-06-09T11:27:12","guid":{"rendered":"https:\/\/www.europesays.com\/ee\/199097\/"},"modified":"2026-06-09T11:27:12","modified_gmt":"2026-06-09T11:27:12","slug":"stubb-kohtub-tallinnas-zelenskiga-valismaa","status":"publish","type":"post","link":"https:\/\/www.europesays.com\/ee\/199097\/","title":{"rendered":"Stubb kohtub Tallinnas Zelenskiga | V\u00e4lismaa"},"content":{"rendered":"<p>Soome president Alexander Stubb kohtub teisip\u00e4eval Tallinnas Ukraina presidendi Volod\u00f5m\u00f5r Zelenskiga.<\/p>\n<p>Soome presidendi kantselei avalduse kohaselt osaleb kohtumisel ka Norra peaminister Jonas Gahr St\u00f8re.\u00a0<\/p>\n<p>Zelenski viibib Eestis visiidil, et osaleda P\u00f5hjamaade ja Balti riikide (NB8) tippkohtumisel. Stubb ise tippkohtumisel ei osale \u2013 Soomet esindab seal peaminister Petteri Orpo.<\/p>\n<p>Ukraina riigipea kohtub ka president Alar Karise ja peaminister Kristen Michaliga.<\/p>\n<p>Teisip\u00e4eval k\u00fclastab Eestit samuti Ukraina v\u00e4lisminister Andri S\u00f5biha, kes kohtub v\u00e4lisminister Margus Tsahknaga.<\/p>\n<p>9. juunil toimub Tallinnas P\u00f5hjala ja Balti riikide koost\u00f6\u00f6 (NB8) tippkohtumine, kus Eesti v\u00f5\u00f5rustab seitsme riigi peaministrit.<\/p>\n<p>Eesti on 2026. aastal NB8 eesistujariik. K\u00f5rgetasemelised k\u00fclalised hakkasid tippkohtumisele saabuma 8. juunist.<\/p>\n","protected":false},"excerpt":{"rendered":"Soome president Alexander Stubb kohtub teisip\u00e4eval Tallinnas Ukraina presidendi Volod\u00f5m\u00f5r Zelenskiga. Soome presidendi kantselei avalduse kohaselt osaleb kohtumisel&hellip;\n","protected":false},"author":2,"featured_media":199098,"comment_status":"","ping_status":"","sticky":false,"template":"","format":"standard","meta":{"footnotes":"","_share_on_mastodon":"0"},"categories":[12],"tags":[1267,26,27,37,33,35,34,36,31,32,21,28,29,31644,19,82910,25,113,23,24,262,22,20,30,1268],"class_list":["post-199097","post","type-post","status-publish","format-standard","has-post-thumbnail","category-eesti","tag-alexander-stubb","tag-breaking-news","tag-breakingnews","tag-ee","tag-eesti","tag-eesti-keel","tag-estonia","tag-estonian","tag-featured-news","tag-featurednews","tag-headlines","tag-latest-news","tag-latestnews","tag-nb8","tag-news","tag-pohjala-ja-balti-koostookohtumine","tag-populaarseimad-lood","tag-soome","tag-top-stories","tag-topstories","tag-ukraina","tag-uldised-uudised","tag-uudised","tag-viimased-uudised","tag-volodomor-zelenski"],"share_on_mastodon":{"url":"https:\/\/pubeurope.com\/@ee\/116719913908651391","error":""},"_links":{"self":[{"href":"https:\/\/www.europesays.com\/ee\/wp-json\/wp\/v2\/posts\/199097","targetHints":{"allow":["GET"]}}],"collection":[{"href":"https:\/\/www.europesays.com\/ee\/wp-json\/wp\/v2\/posts"}],"about":[{"href":"https:\/\/www.europesays.com\/ee\/wp-json\/wp\/v2\/types\/post"}],"author":[{"embeddable":true,"href":"https:\/\/www.europesays.com\/ee\/wp-json\/wp\/v2\/users\/2"}],"replies":[{"embeddable":true,"href":"https:\/\/www.europesays.com\/ee\/wp-json\/wp\/v2\/comments?post=199097"}],"version-history":[{"count":0,"href":"https:\/\/www.europesays.com\/ee\/wp-json\/wp\/v2\/posts\/199097\/revisions"}],"wp:featuredmedia":[{"embeddable":true,"href":"https:\/\/www.europesays.com\/ee\/wp-json\/wp\/v2\/media\/199098"}],"wp:attachment":[{"href":"https:\/\/www.europesays.com\/ee\/wp-json\/wp\/v2\/media?parent=199097"}],"wp:term":[{"taxonomy":"category","embeddable":true,"href":"https:\/\/www.europesays.com\/ee\/wp-json\/wp\/v2\/categories?post=199097"},{"taxonomy":"post_tag","embeddable":true,"href":"https:\/\/www.europesays.com\/ee\/wp-json\/wp\/v2\/tags?post=199097"}],"curies":[{"name":"wp","href":"https:\/\/api.w.org\/{rel}","templated":true}]}}