{"id":199138,"date":"2026-06-09T12:08:17","date_gmt":"2026-06-09T12:08:17","guid":{"rendered":"https:\/\/www.europesays.com\/ee\/199138\/"},"modified":"2026-06-09T12:08:17","modified_gmt":"2026-06-09T12:08:17","slug":"prantsusmaa-ass-olise-saras-mm-i-eel-kubaratrikiga-usbekistani-alistanud-holland-jai-kaitsjast-ilma","status":"publish","type":"post","link":"https:\/\/www.europesays.com\/ee\/199138\/","title":{"rendered":"Prantsusmaa \u00e4ss Olise s\u00e4ras MM-i eel k\u00fcbaratrikiga, Usbekistani alistanud Holland j\u00e4i kaitsjast ilma"},"content":{"rendered":"<p>2018. aasta maailmameister Prantsusmaa v\u00f5\u00f5rustas Lille\u2019is P\u00f5hja-Iirimaad ja v\u00f5itis mat\u0161i 3:1. Prantslase eest s\u00e4ras M\u00fcncheni Bayerni \u00e4\u00e4rer\u00fcndaja <a rel=\"noopener nofollow\" target=\"_blank\" href=\"https:\/\/www.delfi.ee\/teema\/96942945\/michael-olise\" tag-id=\"96942945\">Michael Olise<\/a>, kes avas skoori 43. minutil. Teise poolaja alguses viis prantslane v\u00f5\u00f5rustajad kahe v\u00e4ravaga ette. 64. minutil l\u00f5petas Patrick Kelly p\u00f5hjaiirlaste kiirr\u00fcnnaku edukalt, tehes seisuks 1:2. Viimane s\u00f5na j\u00e4i aga Olisele, kes vormistas 74. minutil k\u00fcbaratriki, saates kaugl\u00f6\u00f6gi t\u00e4pselt posti k\u00f5rvale.<\/p>\n<p>Kui P\u00f5hja-Iirimaa koondisel algab n\u00fc\u00fcd suvepuhkus, siis Prantsusmaa reisib P\u00f5hja-Ameerikasse MM-ile. I-alagruppi kuuluv Prantsusmaa kohtub 16. juunil Senegaliga. Samas alagrupis m\u00e4ngivad veel Iraak ja Norra.<\/p>\n<p>Hollandi koosseisus toimus muutus<\/p>\n<p>Vahetult enne MM-i toimus muudatus <a rel=\"noopener nofollow\" target=\"_blank\" href=\"https:\/\/www.delfi.ee\/teema\/81029277\/hollandi-jalgpallikoondis\" tag-id=\"81029277\">Hollandi jalgpallikoondise<\/a> koosseisus. Nimelt teatas v\u00f5istkond, et suurturniirist j\u00e4\u00e4b eemale Londoni Arsenali kaitsja Jurrien Timber.<\/p>\n<p>24-aastane m\u00e4ngumees on m\u00e4rtsist saadik olnud h\u00e4das l\u00e4hendajalihase vigastusega. Ta l\u00f5petas m\u00e4ngupausi mai l\u00f5pus toimunud UEFA Meistrite liiga finaalis, mille Arsenal penaltiseerias Pariisi Saint-Germaini vastu kaotas. Holland teatas aga, et kaitsja pole siiski piisavalt taastunud ning MM-il meeskonda aidata ei saa. Tema asemel liitub koondisega viimati Sunderlandis m\u00e4nginud Lutsharel Geertruida.<\/p>\n<p>Holland pidas esmasp\u00e4eval \u00fchtlasi viimase MM-i eelse kontrollm\u00e4ngu, kui USA-s kohtuti Usbekistaniga. Liverpooli r\u00fcndaja <a rel=\"noopener nofollow\" target=\"_blank\" href=\"https:\/\/www.delfi.ee\/teema\/96848542\/cody-gakpo\" tag-id=\"96848542\">Cody Gakpo<\/a> viis 32. minutil penaltist hollandlased juhtima. M\u00e4ngu teisel \u00fcleminutil viigistas Igor Sergeev seisu. Holland v\u00f5ttis siiski v\u00f5idu, sest kaheksandal lisaminutil sai Gakpo taas penaltit l\u00fc\u00fca. R\u00fcndaja ei j\u00e4tnud v\u00f5imalust kasutamata ja kindlustas kodumaale v\u00f5idu.<\/p>\n<p>F-gruppi kuuluv Holland l\u00e4heb MM-il 14. juunil vastamisi Jaapaniga. Samasse alagruppi kuuluvad ka Rootsi ja Tuneesia. <\/p>\n<p>MM-i deb\u00fctant Usbekistan loositi K-alagruppi koos Portugali, Kongo ja Kolumbiaga. Nemad peavad esimese m\u00e4ngu 18. juunil Kolumbiaga.<\/p>\n<p>Kuidas see lugu Sind end tundma pani? Saada <a href=\"https:\/\/sport.delfi.ee\/artikkel\/120589513\/prantsusmaa-ass-olise-saras-mm-i-eel-kubaratrikiga-usbekistani-alistanud-holland-jai-kaitsjast-ilma\/kommentaarid\" class=\"article-body-bottom__comment article-body-bottom__comment--write button button--primary button--size-auto\" rel=\"nofollow noopener\" target=\"_blank\"> Kommenteeri <\/a><a href=\"https:\/\/sport.delfi.ee\/artikkel\/120589513\/prantsusmaa-ass-olise-saras-mm-i-eel-kubaratrikiga-usbekistani-alistanud-holland-jai-kaitsjast-ilma\/kommentaarid\" class=\"article-body-bottom__comment article-body-bottom__comment--read button button--size-auto\" rel=\"nofollow noopener\" target=\"_blank\"> Loe kommentaare (1)<\/a><\/p>\n","protected":false},"excerpt":{"rendered":"2018. aasta maailmameister Prantsusmaa v\u00f5\u00f5rustas Lille\u2019is P\u00f5hja-Iirimaad ja v\u00f5itis mat\u0161i 3:1. Prantslase eest s\u00e4ras M\u00fcncheni Bayerni \u00e4\u00e4rer\u00fcndaja Michael&hellip;\n","protected":false},"author":2,"featured_media":199139,"comment_status":"","ping_status":"","sticky":false,"template":"","format":"standard","meta":{"footnotes":"","_share_on_mastodon":"0"},"categories":[18],"tags":[16519,37,33,35,34,36,21404,7036,24425,10502,159,158],"class_list":["post-199138","post","type-post","status-publish","format-standard","has-post-thumbnail","category-sport","tag-cody-gakpo","tag-ee","tag-eesti","tag-eesti-keel","tag-estonia","tag-estonian","tag-hollandi-jalgpallikoondis","tag-jalgpalli-mm","tag-michael-olise","tag-prantsusmaa-jalgpallikoondis","tag-sport","tag-sports"],"share_on_mastodon":{"url":"https:\/\/pubeurope.com\/@ee\/116720075226088303","error":""},"_links":{"self":[{"href":"https:\/\/www.europesays.com\/ee\/wp-json\/wp\/v2\/posts\/199138","targetHints":{"allow":["GET"]}}],"collection":[{"href":"https:\/\/www.europesays.com\/ee\/wp-json\/wp\/v2\/posts"}],"about":[{"href":"https:\/\/www.europesays.com\/ee\/wp-json\/wp\/v2\/types\/post"}],"author":[{"embeddable":true,"href":"https:\/\/www.europesays.com\/ee\/wp-json\/wp\/v2\/users\/2"}],"replies":[{"embeddable":true,"href":"https:\/\/www.europesays.com\/ee\/wp-json\/wp\/v2\/comments?post=199138"}],"version-history":[{"count":0,"href":"https:\/\/www.europesays.com\/ee\/wp-json\/wp\/v2\/posts\/199138\/revisions"}],"wp:featuredmedia":[{"embeddable":true,"href":"https:\/\/www.europesays.com\/ee\/wp-json\/wp\/v2\/media\/199139"}],"wp:attachment":[{"href":"https:\/\/www.europesays.com\/ee\/wp-json\/wp\/v2\/media?parent=199138"}],"wp:term":[{"taxonomy":"category","embeddable":true,"href":"https:\/\/www.europesays.com\/ee\/wp-json\/wp\/v2\/categories?post=199138"},{"taxonomy":"post_tag","embeddable":true,"href":"https:\/\/www.europesays.com\/ee\/wp-json\/wp\/v2\/tags?post=199138"}],"curies":[{"name":"wp","href":"https:\/\/api.w.org\/{rel}","templated":true}]}}