{"id":199179,"date":"2026-06-09T12:53:10","date_gmt":"2026-06-09T12:53:10","guid":{"rendered":"https:\/\/www.europesays.com\/ee\/199179\/"},"modified":"2026-06-09T12:53:10","modified_gmt":"2026-06-09T12:53:10","slug":"jargmine-suur-ipo-on-tulekul-borsile-tahab-minna-chatgpt-looja-openai","status":"publish","type":"post","link":"https:\/\/www.europesays.com\/ee\/199179\/","title":{"rendered":"J\u00e4rgmine suur IPO on tulekul: b\u00f6rsile tahab minna ChatGPT looja OpenAI"},"content":{"rendered":"<p>Ettev\u00f5te teatas esmasp\u00e4eval, et otsustas dokumendid esitada, kuna info oleks nagunii avalikkuse ette lekkinud. Samas m\u00e4rkis OpenAI, et t\u00e4pne b\u00f6rsile mineku aeg ei ole veel paigas ning protsess v\u00f5ib aega v\u00f5tta. Privaatse ettev\u00f5ttena on teatud eesm\u00e4rke lihtsam ellu viia, kuid avalikuks ettev\u00f5tteks saamine annab vajadusel v\u00f5imaluse kiiremini reageerida. <\/p>\n<p>Bloombergile teadaolevalt n\u00f5ustavad ettev\u00f5tet potentsiaalsel b\u00f6rsile suundumisel investeerimispangad Goldman Sachs Group ja Morgan Stanley, ning see v\u00f5ib toimuda juba eeloleval s\u00fcgisel. Enne IPO-t on OpenAI-l kavas pakkuda t\u00f6\u00f6tajatele v\u00f5imalust oma aktsiate m\u00fc\u00fcgiks, tagamaks neile vajalik likviidsus.<\/p>\n<p>Tehnoloogiasektoris on k\u00e4imas ulatuslik v\u00f5idujooks <a rel=\"noopener nofollow\" target=\"_blank\" href=\"https:\/\/www.delfi.ee\/teema\/96849792\/tehisintellekt-1\" tag-id=\"96849792\">tehisintellekti<\/a> arendamiseks vajalike andmekeskuste finantseerimiseks. T\u00e4navu veebruaris teatas OpenAI investoritele, et kavatseb 2030. aastaks kulutada tehisintellekti infrastruktuurile ligi 600 miljardit dollarit. Tegevjuht <a rel=\"noopener nofollow\" target=\"_blank\" href=\"https:\/\/www.delfi.ee\/teema\/73202397\/sam-altman\" tag-id=\"73202397\">Sam Altman<\/a> on varem viidanud, et b\u00f6rsile minek on ettev\u00f5tte suurust ja kapitalivajadust arvestades k\u00f5ige t\u00f5en\u00e4olisem tee. Viimases l\u00e4biviidud rahastusvoorus kaasas OpenAI investoritelt 122 miljardit dollarit, mis viis ettev\u00f5tte turuv\u00e4\u00e4rtuse 852 miljardi dollarini.<\/p>\n<p>B\u00f6rsiplaanidele eelnes eelmisel aastal struktuurireform, mille k\u00e4igus muudeti OpenAI avalikes huvides tegutsevaks \u00e4ri\u00fchinguks (public benefit corporation), kuigi juriidiliselt p\u00fcsib see mittetulundus\u00fchingu kontrolli all. Mais saavutas OpenAI kohtuv\u00f5idu kaasasutaja <a rel=\"noopener nofollow\" target=\"_blank\" href=\"https:\/\/www.delfi.ee\/teema\/65734082\/elon-musk\" tag-id=\"65734082\">Elon Muski<\/a> \u00fcle, kes s\u00fc\u00fcdistas OpenAI-d selles, et nad kaldusid k\u00f5rvale organisatsiooni algsest mittetulunduslikust missioonist ja l\u00f5id selle k\u00f5rvale \u00e4rilise struktuuri. Kohus j\u00e4ttis hagi rahuldamata, kuna see esitati liiga hilja.<\/p>\n<p>Anal\u00fc\u00fctikute hinnangul toimub b\u00f6rsile p\u00fcrgimine OpenAI jaoks keerulisel ajal. Turu-uuringute firma Emarketer anal\u00fc\u00fctik Nate Elliott m\u00e4rkis AP-le, et ettev\u00f5te on kaotamas oma esialgset edumaad tarbijate ja \u00e4riklientide seas Google\u2019ile ning idufirmale <a rel=\"noopener nofollow\" target=\"_blank\" href=\"https:\/\/www.delfi.ee\/teema\/96881362\/anthropic\" tag-id=\"96881362\">Anthropic<\/a>. Lisaks on OpenAI-l j\u00e4\u00e4nud t\u00e4itmata m\u00f5ned sisemised k\u00e4ibe- ja kasutajate kasvu eesm\u00e4rgid ning mitmed v\u00f5tmeisikud on juhtkonnast lahkunud. B\u00f6rsile minek on aga Elliotiti s\u00f5nul m\u00f6\u00f6dap\u00e4\u00e4smatu samm, kuna OpenAI-l napib muid kanaleid sedav\u00f5rd suurte kulude katmiseks.<\/p>\n<p>Lisaks OpenAI-le on suuna b\u00f6rsile v\u00f5tnud konkurent Anthropic, kes esitas IPO avalduse eelmisel n\u00e4dalal. Anthropicu v\u00e4\u00e4rtus kerkis viimases investeerimisringis kiire k\u00e4ibekasvu toel 965 miljardi dollarini, \u00fcletades esmakordselt OpenAI v\u00e4\u00e4rtuse. Samal ajal on k\u00e4imas ka Elon Muski SpaceX-i IPO, soovides kaasata kuni 75 miljardit dollarit. Firmale kuulub mh tehisarufirma xAI. SpaceX-i aktsiatega peaks kauplemine pihta hakkama reedel.<\/p>\n<p>Kuidas see lugu Sind end tundma pani? Saada <a href=\"https:\/\/arileht.delfi.ee\/a\/120589528\/jargmine-suur-ipo-on-tulekul-borsile-tahab-minna-chatgpt-looja-openai\/kommentaarid\" class=\"article-body-bottom__comment article-body-bottom__comment--write button button--primary button--size-auto\" rel=\"nofollow noopener\" target=\"_blank\"> Kommenteeri <\/a><a href=\"https:\/\/arileht.delfi.ee\/a\/120589528\/jargmine-suur-ipo-on-tulekul-borsile-tahab-minna-chatgpt-looja-openai\/kommentaarid\" class=\"article-body-bottom__comment article-body-bottom__comment--read button button--size-auto\" rel=\"nofollow noopener\" target=\"_blank\"> Loe kommentaare (2)<\/a><\/p>\n","protected":false},"excerpt":{"rendered":"Ettev\u00f5te teatas esmasp\u00e4eval, et otsustas dokumendid esitada, kuna info oleks nagunii avalikkuse ette lekkinud. Samas m\u00e4rkis OpenAI, et&hellip;\n","protected":false},"author":2,"featured_media":199180,"comment_status":"","ping_status":"","sticky":false,"template":"","format":"standard","meta":{"footnotes":"","_share_on_mastodon":"0"},"categories":[14],"tags":[7582,131,130,37,33,35,846,34,36,19921,2358,2359,373],"class_list":["post-199179","post","type-post","status-publish","format-standard","has-post-thumbnail","category-ari","tag-anthropic","tag-ari","tag-business","tag-ee","tag-eesti","tag-eesti-keel","tag-elon-musk","tag-estonia","tag-estonian","tag-ipo","tag-openai","tag-sam-altman","tag-tehisintellekt"],"share_on_mastodon":{"url":"https:\/\/pubeurope.com\/@ee\/116720252104371264","error":""},"_links":{"self":[{"href":"https:\/\/www.europesays.com\/ee\/wp-json\/wp\/v2\/posts\/199179","targetHints":{"allow":["GET"]}}],"collection":[{"href":"https:\/\/www.europesays.com\/ee\/wp-json\/wp\/v2\/posts"}],"about":[{"href":"https:\/\/www.europesays.com\/ee\/wp-json\/wp\/v2\/types\/post"}],"author":[{"embeddable":true,"href":"https:\/\/www.europesays.com\/ee\/wp-json\/wp\/v2\/users\/2"}],"replies":[{"embeddable":true,"href":"https:\/\/www.europesays.com\/ee\/wp-json\/wp\/v2\/comments?post=199179"}],"version-history":[{"count":0,"href":"https:\/\/www.europesays.com\/ee\/wp-json\/wp\/v2\/posts\/199179\/revisions"}],"wp:featuredmedia":[{"embeddable":true,"href":"https:\/\/www.europesays.com\/ee\/wp-json\/wp\/v2\/media\/199180"}],"wp:attachment":[{"href":"https:\/\/www.europesays.com\/ee\/wp-json\/wp\/v2\/media?parent=199179"}],"wp:term":[{"taxonomy":"category","embeddable":true,"href":"https:\/\/www.europesays.com\/ee\/wp-json\/wp\/v2\/categories?post=199179"},{"taxonomy":"post_tag","embeddable":true,"href":"https:\/\/www.europesays.com\/ee\/wp-json\/wp\/v2\/tags?post=199179"}],"curies":[{"name":"wp","href":"https:\/\/api.w.org\/{rel}","templated":true}]}}