{"id":199203,"date":"2026-06-09T13:18:25","date_gmt":"2026-06-09T13:18:25","guid":{"rendered":"https:\/\/www.europesays.com\/ee\/199203\/"},"modified":"2026-06-09T13:18:25","modified_gmt":"2026-06-09T13:18:25","slug":"taro-oigeusklikud-saavad-vabaneda-soda-oigustavatest-kirikujuhtidest","status":"publish","type":"post","link":"https:\/\/www.europesays.com\/ee\/199203\/","title":{"rendered":"Taro: \u00f5igeusklikud saavad vabaneda s\u00f5da \u00f5igustavatest kirikujuhtidest"},"content":{"rendered":"<p>Siseminister Igor Taro \u00fctles, et riigikohtu esmasp\u00e4evane otsus andis paljudele \u00f5igeusklikele v\u00f5imaluse vabaks saada s\u00f5da \u00f5igustavatest kirikujuhtidest, teatab BNS.<\/p>\n<p>\u201cN\u00fc\u00fcd, tagantj\u00e4rele, tuleb tunnistada, et president tegi \u00f5igesti, kui p\u00f6\u00f6rdus vetoga riigikohtusse, sest riigikohtu \u00fcldkogu t\u00f5i oma otsusega \u00f5igusselguse paljudele \u00f5igeusklikele olulises k\u00fcsimuses \u2013 nende vabaduses ja v\u00e4\u00e4rikuses olla s\u00f5ltumatu s\u00f5da, agressiooni, v\u00e4givalda, tapmist ja kannatusi \u00f5igustavatest kirikujuhtidest,\u201d \u00fctles Taro esmasp\u00e4evase otsuse kohta, millega tunnistati p\u00f5hiseadusp\u00e4raseks parlamendis vastu v\u00f5etud, ent riigipea vetostatud kirikute ja koguduste seaduse muudatused.<\/p>\n<p>\u201cSiseministeerium kinnitab j\u00e4tkuvalt, et kirikute ja koguduste seaduse peagi j\u00f5ustuvate muudatuste eesm\u00e4rk on kaitsta usuvabadust Eestis,\u201d \u00fctles Taro. \u201cSee t\u00e4hendab, et Eestis tegutsevatel usulistel \u00fchendustel ei ole administratiivseid ega teisi alluvussuhteid v\u00e4lismaal asuvate usuliste institutsioonidega, mis \u00f5igustavad v\u00f5i toetavad s\u00f5da, agressiooni v\u00f5i terrorismi ning kujutavad ohtu Eesti julgeolekule.\u201d<\/p>\n<p>Siseministri s\u00f5nul p\u00f5hjustas niisuguse piirangu kehtestamise ja selle eest vastutab ainult Venemaa juhtkond, kes alustas ohvriterohket agressioonis\u00f5da Ukraina ja ukrainlaste vastu ning kasutab Moskva Patriarhaadi \u00d5igeusu Kirikut enda liitlasena agressiooni ja s\u00f5ja \u00f5igustamisel ja toetamisel. \u201cJust seet\u00f5ttu oleme arvamusel, et Eesti Kristlik \u00d5igeusu Kirik (EK\u00d5K) peab l\u00f5petama alluvussuhted Venemaal asuva Moskva Patriarhaadiga ja patriarh Kirilliga,\u201d lisas Taro.<\/p>\n<p>Ta meenutas, et Kreml p\u00fc\u00fcab pidevalt kujundada Eestist pilti kui riigist, kus rikutakse inim\u00f5igusi ja usuvabadust. \u201cSee ei vasta t\u00f5ele. Eesti on \u00f5igusriik. KiKoSe muudatused ei too kaasa \u00f5igeusu keelustamist Eestis. Riik ei soovi panna kinni \u00fchtegi kirikuhoonet ega kloostrit,\u201d kinnitas Taro.<\/p>\n<p>Kirikute ja koguduste seaduse muudatused j\u00f5ustuvad p\u00e4rast nende ilmumist Riigi Teatajas. \u00dcleminekuaeg seaduse j\u00f5ustumisest alates on kuus kuud, mille jooksul suhtleb siseministeerium k\u00f5ikide usuliste \u00fchendustega, keda muudatused puudutavad ning pakub vajadusel abi ja tuge p\u00f5hikirjade uuendamisel.<\/p>\n<p>\u201cKui me peaksime j\u00f5udma selleni, et m\u00f5ne usulise \u00fchenduse t\u00f6\u00f6 tuleb keelatud sidemete t\u00f5ttu l\u00f5petada, siis seda ei tee minister ega ministeerium, v\u00f5imaliku otsuse usulise \u00fchenduse sundl\u00f5petamise osas langetab ainult kohus,\u201d \u00fctles Taro.<\/p>\n","protected":false},"excerpt":{"rendered":"Siseminister Igor Taro \u00fctles, et riigikohtu esmasp\u00e4evane otsus andis paljudele \u00f5igeusklikele v\u00f5imaluse vabaks saada s\u00f5da \u00f5igustavatest kirikujuhtidest, teatab&hellip;\n","protected":false},"author":2,"featured_media":199204,"comment_status":"","ping_status":"","sticky":false,"template":"","format":"standard","meta":{"footnotes":"","_share_on_mastodon":"0"},"categories":[5],"tags":[26,27,37,33,35,5758,34,36,31,32,21,83342,29033,5757,28,29,59588,19,25,3099,9604,23,24,22,20,30],"class_list":["post-199203","post","type-post","status-publish","format-standard","has-post-thumbnail","category-uldised-uudised","tag-breaking-news","tag-breakingnews","tag-ee","tag-eesti","tag-eesti-keel","tag-eesti-kristlik-oigeusu-kirik","tag-estonia","tag-estonian","tag-featured-news","tag-featurednews","tag-headlines","tag-kikos","tag-kirik","tag-kirikute-ja-koguduste-seadus","tag-latest-news","tag-latestnews","tag-minister","tag-news","tag-populaarseimad-lood","tag-siseministeerium","tag-taro","tag-top-stories","tag-topstories","tag-uldised-uudised","tag-uudised","tag-viimased-uudised"],"share_on_mastodon":{"url":"https:\/\/pubeurope.com\/@ee\/116720350381819664","error":""},"_links":{"self":[{"href":"https:\/\/www.europesays.com\/ee\/wp-json\/wp\/v2\/posts\/199203","targetHints":{"allow":["GET"]}}],"collection":[{"href":"https:\/\/www.europesays.com\/ee\/wp-json\/wp\/v2\/posts"}],"about":[{"href":"https:\/\/www.europesays.com\/ee\/wp-json\/wp\/v2\/types\/post"}],"author":[{"embeddable":true,"href":"https:\/\/www.europesays.com\/ee\/wp-json\/wp\/v2\/users\/2"}],"replies":[{"embeddable":true,"href":"https:\/\/www.europesays.com\/ee\/wp-json\/wp\/v2\/comments?post=199203"}],"version-history":[{"count":0,"href":"https:\/\/www.europesays.com\/ee\/wp-json\/wp\/v2\/posts\/199203\/revisions"}],"wp:featuredmedia":[{"embeddable":true,"href":"https:\/\/www.europesays.com\/ee\/wp-json\/wp\/v2\/media\/199204"}],"wp:attachment":[{"href":"https:\/\/www.europesays.com\/ee\/wp-json\/wp\/v2\/media?parent=199203"}],"wp:term":[{"taxonomy":"category","embeddable":true,"href":"https:\/\/www.europesays.com\/ee\/wp-json\/wp\/v2\/categories?post=199203"},{"taxonomy":"post_tag","embeddable":true,"href":"https:\/\/www.europesays.com\/ee\/wp-json\/wp\/v2\/tags?post=199203"}],"curies":[{"name":"wp","href":"https:\/\/api.w.org\/{rel}","templated":true}]}}