{"id":199207,"date":"2026-06-09T13:26:18","date_gmt":"2026-06-09T13:26:18","guid":{"rendered":"https:\/\/www.europesays.com\/ee\/199207\/"},"modified":"2026-06-09T13:26:18","modified_gmt":"2026-06-09T13:26:18","slug":"tallinna-lasteaia-kohatasu-kaotamise-eelnou-jouab-linnavolikokku-uudised","status":"publish","type":"post","link":"https:\/\/www.europesays.com\/ee\/199207\/","title":{"rendered":"Tallinna lasteaia kohatasu kaotamise eeln\u00f5u j\u00f5uab linnavolikokku | uudised"},"content":{"rendered":"<p>Tallinna linnavalitsuse neljap\u00e4evasel istungil on kavas kinnitada lasteaia kohatasu kaotamine alates 1. septembrist.<\/p>\n<p>Keskerakonna ja Isamaa koalitsioonilepingus sisalduv plaan kaotada alates s\u00fcgisest lasteaia kohatasu peaks sellel n\u00e4dalal Tallinna linnavolikogu istungil heaks kiidetama.<\/p>\n<p>Tallinna munitsipaallastehoiu ja -lasteaia osalustasu m\u00e4\u00e4ruse seletuskirjas on v\u00e4lja toodud, et praegu peab tallinlasest vanem maksma lasteaia kohatasu 50 eurot ning ujulaga lasteaia puhul 56 eurot kuus, aga alates 1. septembrist kaob kohatasu sootuks.<\/p>\n<p>Selleks, et lapsele kohatasuvabastus saada, peavad lapse m\u00f5lemad vanemad v\u00f5i tema \u00fcksikvanem olema Tallinna linna elanikud. Eelduseks on ka see, et laps on kasutanud lasteaiakohta v\u00e4hemalt k\u00fcmnel t\u00f6\u00f6p\u00e4eval kahe eelneva kuu jooksul, v\u00e4lja arvatud juhul, kui puudumise p\u00f5hjuseks on haigused.<\/p>\n<p>Samas peavad rohkem maksma hakkama need vanemad, kelle registreeritud elukoht on pealinnast v\u00e4ljaspool, aga laps k\u00e4ib Tallinna lasteaias.<\/p>\n<p>Praeguse hinnakirja kohaselt maksab Tallinna lasteaiakoht mujal registreeritud elukoha puhul 115,41 eurot kuus ehk 12,2 protsenti alampalgast, ujulaga lasteaias aga 126,75 eurot ehk 13,4 protsenti alampalgast. Alates 1. septembrist kerkib kohatasu sellistele peredele 20 protsendini alampalgast kuus.<\/p>\n<p>Tallinna eelarvet m\u00f5jutab otsus m\u00e4rkimisv\u00e4\u00e4rselt, sest seni lapsevanematelt saadud tulu tuleb linnaeelarvest katta. Prognooside kohaselt kulub selleks t\u00e4navu 2,46 miljonit eurot ja alates j\u00e4rgmisest aastast 7,38 miljonit eurot aastas.<\/p>\n","protected":false},"excerpt":{"rendered":"Tallinna linnavalitsuse neljap\u00e4evasel istungil on kavas kinnitada lasteaia kohatasu kaotamine alates 1. septembrist. Keskerakonna ja Isamaa koalitsioonilepingus sisalduv&hellip;\n","protected":false},"author":2,"featured_media":199208,"comment_status":"","ping_status":"","sticky":false,"template":"","format":"standard","meta":{"footnotes":"","_share_on_mastodon":"0"},"categories":[14],"tags":[131,130,37,33,35,34,36,5079,83343,2130,40522,854],"class_list":["post-199207","post","type-post","status-publish","format-standard","has-post-thumbnail","category-ari","tag-ari","tag-business","tag-ee","tag-eesti","tag-eesti-keel","tag-estonia","tag-estonian","tag-lasteaia-kohatasu","tag-lasteaiakoht-tallinnas","tag-tallinn","tag-tallinna-eelarve","tag-tallinna-linnavalitsus"],"share_on_mastodon":{"url":"https:\/\/pubeurope.com\/@ee\/116720381656042454","error":""},"_links":{"self":[{"href":"https:\/\/www.europesays.com\/ee\/wp-json\/wp\/v2\/posts\/199207","targetHints":{"allow":["GET"]}}],"collection":[{"href":"https:\/\/www.europesays.com\/ee\/wp-json\/wp\/v2\/posts"}],"about":[{"href":"https:\/\/www.europesays.com\/ee\/wp-json\/wp\/v2\/types\/post"}],"author":[{"embeddable":true,"href":"https:\/\/www.europesays.com\/ee\/wp-json\/wp\/v2\/users\/2"}],"replies":[{"embeddable":true,"href":"https:\/\/www.europesays.com\/ee\/wp-json\/wp\/v2\/comments?post=199207"}],"version-history":[{"count":0,"href":"https:\/\/www.europesays.com\/ee\/wp-json\/wp\/v2\/posts\/199207\/revisions"}],"wp:featuredmedia":[{"embeddable":true,"href":"https:\/\/www.europesays.com\/ee\/wp-json\/wp\/v2\/media\/199208"}],"wp:attachment":[{"href":"https:\/\/www.europesays.com\/ee\/wp-json\/wp\/v2\/media?parent=199207"}],"wp:term":[{"taxonomy":"category","embeddable":true,"href":"https:\/\/www.europesays.com\/ee\/wp-json\/wp\/v2\/categories?post=199207"},{"taxonomy":"post_tag","embeddable":true,"href":"https:\/\/www.europesays.com\/ee\/wp-json\/wp\/v2\/tags?post=199207"}],"curies":[{"name":"wp","href":"https:\/\/api.w.org\/{rel}","templated":true}]}}