{"id":199377,"date":"2026-06-09T16:46:33","date_gmt":"2026-06-09T16:46:33","guid":{"rendered":"https:\/\/www.europesays.com\/ee\/199377\/"},"modified":"2026-06-09T16:46:33","modified_gmt":"2026-06-09T16:46:33","slug":"tallinna-linnavalitsus-suurendas-koolilouna-rahastamist-eesti","status":"publish","type":"post","link":"https:\/\/www.europesays.com\/ee\/199377\/","title":{"rendered":"Tallinna linnavalitsus suurendas koolil\u00f5una rahastamist | Eesti"},"content":{"rendered":"<p>Tallinna linnavalitsus kiitis heaks eeln\u00f5u, mille kohaselt suureneb alates 1. septembrist 2026 koolil\u00f5una rahastamine 2,10 euroni \u00f5pilase kohta p\u00e4evas.<\/p>\n<p>&#8220;Linnavalitsus kiitis t\u00e4nasel istungil heaks m\u00e4\u00e4ruse, millega kehtestatakse Tallinna \u00fcldhariduskoolide koolil\u00f5una maksumuseks koos k\u00e4ibemaksuga kaks eurot ja 10 senti p\u00e4evas ja see arvestab viimaste aastate inflatsiooniga,&#8221; \u00fctles Tallinna linnapea Peeter Raudsepp linnavalitsuse pressikonverentsil.<\/p>\n<p>&#8220;Eesm\u00e4rgiks on see, et me saame igas koolis tagada kvaliteetse toidu oma \u00f5pilastele.<br \/>Linn panustab munitsipaalkoolides n\u00fc\u00fcd toitlustusse rohkem kui riik ja ma loodan, et ka riik on peagi valmis omapoolset summat kaasajastama ja seda t\u00f5stma,&#8221; lisas ta.<\/p>\n<p>Abilinnapea Andrei Kante lisas, et Tallinnale l\u00e4heb koolil\u00f5unasse panustamine maksma umbes 750 000 eurot aastas.<\/p>\n<p>&#8220;Ma tuletaks veel kord meelde, et lisaeelarvega me tagastame sinna fondi ligi miljon eurot, mis oli eelmise linnavalitsuse poolt suunatud teistele eelarvepositsioonidele ja<br \/>minu meelest see ei olnud \u00f5ige otsus. Me tagastame sinna toitlustamiskulude fondi miljoni. See oli v\u00e4ga kaua oodatud otsus, koolijuhid seda soovisid ja lisaks sellele Tallinna linna panus koolil\u00f5una maksumusse t\u00f5esti suureneb 24 eurosendi<br \/>v\u00f5rra,&#8221; r\u00e4\u00e4kis Kante.<\/p>\n<p>&#8220;Ma usun, et need m\u00f5lemad meetmed ikkagi aitavad meil hoida koolitoidu kvaliteeti ja<br \/>meie \u00f5pilased saavad ka j\u00e4rgmisel \u00f5ppeaastal ja ka \u00fclej\u00e4rgmisel \u00f5ppeaastal maitsvat ja kvaliteetset koolitoitu,&#8221; lausus Kante.<\/p>\n<p>Praegu on Tallinna munitsipaalkoolide ja Tallinna rakendusliku kolled\u017ei \u00f5pilaste koolil\u00f5una maksumus 1,86 eurot p\u00e4evas. Alates 1. septembrist 2026 on koolil\u00f5una maksumus 2,10 eurot p\u00e4evas.\u00a0<\/p>\n<p>Koolil\u00f5una maksumusest katab riik j\u00e4tkuvalt \u00fche euro \u00f5pilase kohta p\u00e4evas ning 1,10 eurot rahastab Tallinn. V\u00f5rreldes praeguse korraga suureneb linna panus \u00fche koolil\u00f5una maksumusse 0,24 euro v\u00f5rra.\u00a0<\/p>\n<p>Esialgse prognoosi j\u00e4rgi puudutab muudatus 2026\/2027. \u00f5ppeaastal 44 404 \u00f5pilast.\u00a0<\/p>\n<p>Koolil\u00f5una kulude katmiseks vajalikud lisavahendid summas 741 215 eurot on ette n\u00e4htud Tallinna 2026. aasta eelarves.\u00a0<\/p>\n<p>M\u00e4\u00e4rus j\u00f5ustub 1. septembril 2026.<\/p>\n","protected":false},"excerpt":{"rendered":"Tallinna linnavalitsus kiitis heaks eeln\u00f5u, mille kohaselt suureneb alates 1. septembrist 2026 koolil\u00f5una rahastamine 2,10 euroni \u00f5pilase kohta&hellip;\n","protected":false},"author":2,"featured_media":199378,"comment_status":"","ping_status":"","sticky":false,"template":"","format":"standard","meta":{"footnotes":"","_share_on_mastodon":"0"},"categories":[80],"tags":[26,27,37,33,35,34,36,31,32,21,8076,28,29,95,19,25,854,23,24,22,20,30,92,93,94],"class_list":["post-199377","post","type-post","status-publish","format-standard","has-post-thumbnail","category-maailm","tag-breaking-news","tag-breakingnews","tag-ee","tag-eesti","tag-eesti-keel","tag-estonia","tag-estonian","tag-featured-news","tag-featurednews","tag-headlines","tag-koolitoit","tag-latest-news","tag-latestnews","tag-maailm","tag-news","tag-populaarseimad-lood","tag-tallinna-linnavalitsus","tag-top-stories","tag-topstories","tag-uldised-uudised","tag-uudised","tag-viimased-uudised","tag-world","tag-world-news","tag-worldnews"],"share_on_mastodon":{"url":"https:\/\/pubeurope.com\/@ee\/116721168154552392","error":""},"_links":{"self":[{"href":"https:\/\/www.europesays.com\/ee\/wp-json\/wp\/v2\/posts\/199377","targetHints":{"allow":["GET"]}}],"collection":[{"href":"https:\/\/www.europesays.com\/ee\/wp-json\/wp\/v2\/posts"}],"about":[{"href":"https:\/\/www.europesays.com\/ee\/wp-json\/wp\/v2\/types\/post"}],"author":[{"embeddable":true,"href":"https:\/\/www.europesays.com\/ee\/wp-json\/wp\/v2\/users\/2"}],"replies":[{"embeddable":true,"href":"https:\/\/www.europesays.com\/ee\/wp-json\/wp\/v2\/comments?post=199377"}],"version-history":[{"count":0,"href":"https:\/\/www.europesays.com\/ee\/wp-json\/wp\/v2\/posts\/199377\/revisions"}],"wp:featuredmedia":[{"embeddable":true,"href":"https:\/\/www.europesays.com\/ee\/wp-json\/wp\/v2\/media\/199378"}],"wp:attachment":[{"href":"https:\/\/www.europesays.com\/ee\/wp-json\/wp\/v2\/media?parent=199377"}],"wp:term":[{"taxonomy":"category","embeddable":true,"href":"https:\/\/www.europesays.com\/ee\/wp-json\/wp\/v2\/categories?post=199377"},{"taxonomy":"post_tag","embeddable":true,"href":"https:\/\/www.europesays.com\/ee\/wp-json\/wp\/v2\/tags?post=199377"}],"curies":[{"name":"wp","href":"https:\/\/api.w.org\/{rel}","templated":true}]}}