{"id":199502,"date":"2026-06-09T20:28:07","date_gmt":"2026-06-09T20:28:07","guid":{"rendered":"https:\/\/www.europesays.com\/ee\/199502\/"},"modified":"2026-06-09T20:28:07","modified_gmt":"2026-06-09T20:28:07","slug":"el-kavatseb-uute-sanktsioonidega-keelata-venemaa-sodurite-sisenemise-liitu","status":"publish","type":"post","link":"https:\/\/www.europesays.com\/ee\/199502\/","title":{"rendered":"EL kavatseb uute sanktsioonidega keelata Venemaa s\u00f5durite sisenemise liitu"},"content":{"rendered":"<p>\u201eMe teeme esimest korda ettepaneku keelata Euroopa Liitu sisenemine k\u00f5igil, kes on s\u00f5ja algusest saadik teeninud Venemaa relvaj\u00f5ududes,\u201c teatas Euroopa Komisjoni president <a rel=\"noopener nofollow\" target=\"_blank\" href=\"https:\/\/www.delfi.ee\/teema\/66356322\/ursula-von-der-leyen\" tag-id=\"66356322\">Ursula von der Leyen<\/a>. \u201eSeega j\u00e4\u00e4b Euroopa suletuks k\u00f5igile, kes on osalenud sissetungis Ukrainale \u2013 nii lihtne see ongi.\u201c<\/p>\n<p>Ettepanek on osa 21. sanktsioonipaketist Venemaale, mille peavad k\u00f5ik EL-i 27 liikmesriiki \u00fcheh\u00e4\u00e4lselt heaks kiitma, vahendab Guardian. \u201eMeie sanktsioonid on endiselt karmid ja m\u00f5juvad s\u00fcgavalt. Need n\u00f5rgendavad Venemaa s\u00f5jategevuse majanduslikku alust,\u201c \u00fctles von der Leyen, tutvustades uusi sanktsiooniplaane.<\/p>\n<p>Lisaks Vene s\u00f5durite sisenemiskeelule soovitakse hoida Venemaa nafta hinnalagi j\u00e4tkuvalt 44 dollaril kuni 2027. aasta jaanuarini. See samm takistaks Kremlil l\u00f5igata kasu Hormuzi v\u00e4ina blokaadist p\u00f5hjustatud hinnat\u00f5usust.<\/p>\n<p>Muu hulgas soovitakse kohaldada sanktsioone veel 30 L\u00e4\u00e4ne sanktsioonidest k\u00f5rvale hiiliva Venemaa varilaevastikku kuuluva aluse suhtes ja laiendada sanktsioone kolmandate riikide pankadele, kr\u00fcptofirmadele ja naftakauplejatele, kes aitavad Venemaal sanktsioonidest k\u00f5rvale hiilida.<\/p>\n<p>Esmakordselt laienevad sanktsiooniettepanekud ka Venemaa kalaimpordile. Samuti kavatsetakse keelata Venemaa metallide ja maakide import ning \u00fchtlasi kehtestada EL-i ekspordipiirangud metallidele ja sulamitele.<\/p>\n<p>Von der Leyen kinnitas ka otsust j\u00e4tkata Ukraina \u00fchinemisl\u00e4bir\u00e4\u00e4kimisi EL-iga. Eelduste kohaselt avatakse tuleval n\u00e4dalal Ukraina ja Moldova \u00fchinemisprotsessis j\u00e4rgmine l\u00e4bir\u00e4\u00e4kimisklaster. \u201eSee avab p\u00f5him\u00f5tteliselt ukse \u00fchinemisprotsessi j\u00e4rgmisele etapile, l\u00e4bir\u00e4\u00e4kimiste ametlikule algusele,\u201c \u00fctles ta.<\/p>\n<p>Kuidas see lugu Sind end tundma pani? Saada <a href=\"https:\/\/www.delfi.ee\/artikkel\/120589778\/el-kavatseb-uute-sanktsioonidega-keelata-venemaa-sodurite-sisenemise-liitu\/kommentaarid\" class=\"article-body-bottom__comment article-body-bottom__comment--write button button--primary button--size-auto\" rel=\"nofollow noopener\" target=\"_blank\"> Kommenteeri <\/a><a href=\"https:\/\/www.delfi.ee\/artikkel\/120589778\/el-kavatseb-uute-sanktsioonidega-keelata-venemaa-sodurite-sisenemise-liitu\/kommentaarid\" class=\"article-body-bottom__comment article-body-bottom__comment--read button button--size-auto\" rel=\"nofollow noopener\" target=\"_blank\"> Loe kommentaare (1)<\/a><\/p>\n","protected":false},"excerpt":{"rendered":"\u201eMe teeme esimest korda ettepaneku keelata Euroopa Liitu sisenemine k\u00f5igil, kes on s\u00f5ja algusest saadik teeninud Venemaa relvaj\u00f5ududes,\u201c&hellip;\n","protected":false},"author":2,"featured_media":199503,"comment_status":"","ping_status":"","sticky":false,"template":"","format":"standard","meta":{"footnotes":"","_share_on_mastodon":"0"},"categories":[80],"tags":[26,27,37,33,35,34,36,590,31,32,21,28,29,95,19,25,107,23,24,262,22,3943,20,96,2783,30,92,93,94],"class_list":["post-199502","post","type-post","status-publish","format-standard","has-post-thumbnail","category-maailm","tag-breaking-news","tag-breakingnews","tag-ee","tag-eesti","tag-eesti-keel","tag-estonia","tag-estonian","tag-euroopa-liit","tag-featured-news","tag-featurednews","tag-headlines","tag-latest-news","tag-latestnews","tag-maailm","tag-news","tag-populaarseimad-lood","tag-soda-ukrainas","tag-top-stories","tag-topstories","tag-ukraina","tag-uldised-uudised","tag-ursula-von-der-leyen","tag-uudised","tag-venemaa","tag-venemaa-sanktsioonid","tag-viimased-uudised","tag-world","tag-world-news","tag-worldnews"],"share_on_mastodon":{"url":"https:\/\/pubeurope.com\/@ee\/116722041105833888","error":""},"_links":{"self":[{"href":"https:\/\/www.europesays.com\/ee\/wp-json\/wp\/v2\/posts\/199502","targetHints":{"allow":["GET"]}}],"collection":[{"href":"https:\/\/www.europesays.com\/ee\/wp-json\/wp\/v2\/posts"}],"about":[{"href":"https:\/\/www.europesays.com\/ee\/wp-json\/wp\/v2\/types\/post"}],"author":[{"embeddable":true,"href":"https:\/\/www.europesays.com\/ee\/wp-json\/wp\/v2\/users\/2"}],"replies":[{"embeddable":true,"href":"https:\/\/www.europesays.com\/ee\/wp-json\/wp\/v2\/comments?post=199502"}],"version-history":[{"count":0,"href":"https:\/\/www.europesays.com\/ee\/wp-json\/wp\/v2\/posts\/199502\/revisions"}],"wp:featuredmedia":[{"embeddable":true,"href":"https:\/\/www.europesays.com\/ee\/wp-json\/wp\/v2\/media\/199503"}],"wp:attachment":[{"href":"https:\/\/www.europesays.com\/ee\/wp-json\/wp\/v2\/media?parent=199502"}],"wp:term":[{"taxonomy":"category","embeddable":true,"href":"https:\/\/www.europesays.com\/ee\/wp-json\/wp\/v2\/categories?post=199502"},{"taxonomy":"post_tag","embeddable":true,"href":"https:\/\/www.europesays.com\/ee\/wp-json\/wp\/v2\/tags?post=199502"}],"curies":[{"name":"wp","href":"https:\/\/api.w.org\/{rel}","templated":true}]}}