{"id":199506,"date":"2026-06-09T20:48:08","date_gmt":"2026-06-09T20:48:08","guid":{"rendered":"https:\/\/www.europesays.com\/ee\/199506\/"},"modified":"2026-06-09T20:48:08","modified_gmt":"2026-06-09T20:48:08","slug":"leedu-krooniti-ulihilise-viigivarava-toel-u21-balti-turniiri-voitjaks-eesti-sai-kaela-hobemedalid-soccernet-ee","status":"publish","type":"post","link":"https:\/\/www.europesays.com\/ee\/199506\/","title":{"rendered":"Leedu krooniti \u00fclihilise viigiv\u00e4rava toel U21 Balti turniiri v\u00f5itjaks, Eesti sai kaela h\u00f5bemedalid &#8211; Soccernet.ee"},"content":{"rendered":"<p><a href=\"https:\/\/soccernet.ee\/fotod\/u21-eesti-luksemburg\" rel=\"nofollow noopener\" target=\"_blank\"><img decoding=\"async\" src=\"https:\/\/www.europesays.com\/ee\/wp-content\/uploads\/2026\/06\/1760123947.jpg\" alt=\"Eesti U21 koondise m\u00e4ngijad. Foto: Liisi Troska \/ jalgpall.ee\"\/><\/a>&#13;\n<\/p>\n<p>Leedu U21 koondis m\u00e4ngis Balti turniiri kohtumises L\u00e4tiga 2:2 viiki, mille tulemusel triumfeeriti. Eesti koondis sai kaela h\u00f5bemedalid. <\/p>\n<p>K\u00f5ik kolm meeskonda l\u00f5petasid turniiri kahe punktiga. Eesti viigistas L\u00e4tiga 1:1 ning Leedu ja Eesti omavaheline kohtumine l\u00f5ppes samuti 2:2 viigiga. Ka v\u00e4ravate vahe ei suutnud meeskondi lahutada, kuid Leedu t\u00f5stis karika pea kohale t\u00e4nu suuremale l\u00f6\u00f6dud v\u00e4ravate arvule. Leedu l\u00f5i turniiril neli v\u00e4ravat, L\u00e4ti ja Eesti aga kolm.&#13;\n<\/p>\n<p>Leedus peetud otsustav kohtumine l\u00f5ppes avapoolajal v\u00e4ravateta. 55. minutil asus aga L\u00e4ti juhtima, ent 77. minutil \u00f5nnestus Leedul viik majja tuua. L\u00e4ti haaras taas k\u00f6ie j\u00e4medama otsa 89. minutil ning v\u00f5it n\u00e4is juba k\u00e4es olevat, ent 90+4. minutil \u00f5nnestus leedukatel seis taas viigistada.\u00a0&#13;\n<\/p>\n<p>See t\u00e4hendab, et turniiri v\u00f5itis Leedu, teiseks j\u00e4i Eesti ning kolmandaks L\u00e4ti. Kui Leedu ja L\u00e4ti kohtumine oleks l\u00f5ppenud 0:0 viigiga, oleks hoopis Eesti karikat saanud t\u00f5sta. 1:1 viigi korral oleks Eesti ja Leedu n\u00e4itajad aga v\u00f5rdseks j\u00e4\u00e4nud ning otsustavaks oleks saanud teenitud kollaste ja punaste kaartide hulk.\u00a0<\/p>\n<p>Nii Eesti kui L\u00e4ti teenisid kahe m\u00e4ngu peale kokku viis kollast kaarti, mis t\u00e4hendab, et teise koha omanik selgitati v\u00e4lja meeste koondiste FIFA edetabeli j\u00e4rjestuse alusel. Eesti paikneb 126. ja L\u00e4ti 137. kohal, mis t\u00e4hendab, et h\u00f5bemedalid said endale noored Sinis\u00e4rgid.\u00a0&#13;\n<\/p>\n<p>Eesti m\u00e4ngis turniiri esimeses kohtumises 1:1 viiki L\u00e4tiga. 33. minutil l\u00f5i v\u00e4rava N\u00f5mme Kalju m\u00e4ngumees Mihhail Orlov. Teises m\u00e4ngus lepiti ka Leeduga viiki, ent sel korral l\u00f5id m\u00f5lemad meeskonnad kaks v\u00e4ravat. Eesti eest s\u00e4ras 12. ja 15. minutil v\u00e4ravatega Karel Mustmaa, kes l\u00f5i Eesti A-koondise eest Leedu vastu Balti turniiri v\u00f5iduv\u00e4rava.\u00a0<\/p>\n","protected":false},"excerpt":{"rendered":"&#13; Leedu U21 koondis m\u00e4ngis Balti turniiri kohtumises L\u00e4tiga 2:2 viiki, mille tulemusel triumfeeriti. Eesti koondis sai kaela&hellip;\n","protected":false},"author":2,"featured_media":199507,"comment_status":"","ping_status":"","sticky":false,"template":"","format":"standard","meta":{"footnotes":"","_share_on_mastodon":"0"},"categories":[18],"tags":[37,33,35,5289,7304,2639,34,36,159,158,2643],"class_list":["post-199506","post","type-post","status-publish","format-standard","has-post-thumbnail","category-sport","tag-ee","tag-eesti","tag-eesti-keel","tag-eesti-koondis","tag-eesti-u21","tag-eesti-u21-koondis","tag-estonia","tag-estonian","tag-sport","tag-sports","tag-u21-koondis"],"share_on_mastodon":{"url":"https:\/\/pubeurope.com\/@ee\/116722119943702842","error":""},"_links":{"self":[{"href":"https:\/\/www.europesays.com\/ee\/wp-json\/wp\/v2\/posts\/199506","targetHints":{"allow":["GET"]}}],"collection":[{"href":"https:\/\/www.europesays.com\/ee\/wp-json\/wp\/v2\/posts"}],"about":[{"href":"https:\/\/www.europesays.com\/ee\/wp-json\/wp\/v2\/types\/post"}],"author":[{"embeddable":true,"href":"https:\/\/www.europesays.com\/ee\/wp-json\/wp\/v2\/users\/2"}],"replies":[{"embeddable":true,"href":"https:\/\/www.europesays.com\/ee\/wp-json\/wp\/v2\/comments?post=199506"}],"version-history":[{"count":0,"href":"https:\/\/www.europesays.com\/ee\/wp-json\/wp\/v2\/posts\/199506\/revisions"}],"wp:featuredmedia":[{"embeddable":true,"href":"https:\/\/www.europesays.com\/ee\/wp-json\/wp\/v2\/media\/199507"}],"wp:attachment":[{"href":"https:\/\/www.europesays.com\/ee\/wp-json\/wp\/v2\/media?parent=199506"}],"wp:term":[{"taxonomy":"category","embeddable":true,"href":"https:\/\/www.europesays.com\/ee\/wp-json\/wp\/v2\/categories?post=199506"},{"taxonomy":"post_tag","embeddable":true,"href":"https:\/\/www.europesays.com\/ee\/wp-json\/wp\/v2\/tags?post=199506"}],"curies":[{"name":"wp","href":"https:\/\/api.w.org\/{rel}","templated":true}]}}