{"id":199510,"date":"2026-06-09T20:59:10","date_gmt":"2026-06-09T20:59:10","guid":{"rendered":"https:\/\/www.europesays.com\/ee\/199510\/"},"modified":"2026-06-09T20:59:10","modified_gmt":"2026-06-09T20:59:10","slug":"luup-peale-eesti-naised-panid-tervise-hinnaga-koik-mangu-aga-ihaldatud-paase-libises-kaest-soccernet-ee","status":"publish","type":"post","link":"https:\/\/www.europesays.com\/ee\/199510\/","title":{"rendered":"Luup peale | Eesti naised panid tervise hinnaga k\u00f5ik m\u00e4ngu, aga ihaldatud p\u00e4\u00e4se libises k\u00e4est &#8211; Soccernet.ee"},"content":{"rendered":"<p><img decoding=\"async\" src=\"https:\/\/www.europesays.com\/ee\/wp-content\/uploads\/2026\/06\/1776203981.jpg\" alt=\"Vlada Kubassova naasis v\u00e4ljakule ja l\u00f5i iluv\u00e4rava, kuid sellest ei piisanud. Foto: Liisi Troska \/ jalgpall.ee (arhiiv)\"\/>&#13;\n<\/p>\n<p>Eesti naiste koondis oli tosin minutit kinni edasip\u00e4\u00e4sus MM-valikgrupist s\u00f5elm\u00e4ngudele, kuid hingestatud lahingust hoolimata tuli l\u00f5puks t\u00f5deda, et 1:1 viik Bosnia vastu oli seekord maksimumil\u00e4hedane \u00f5nnestumine.<\/p>\n<p>Kohe avaminutitest oli selge, et m\u00e4ng P\u00e4rnu Rannastaadionil tuleb lahtine ning m\u00f5lemad jahivad meeleheitlikult v\u00f5itu. Esimesed \u0161ansid avanesid k\u00fclalistele, aga sihile j\u00f5udis Sinis\u00e4rkide kapten Vlada Kubassova, kes l\u00e4ks k\u00fcmne minuti t\u00e4itudes ligi 20 meetrilt \u00fche puutega l\u00f6\u00f6gile. Kavala vindi sisse saanud pall vihises \u00fcle v\u00e4ravavahi lati alla &#8211; 1:0!&#13;\n<\/p>\n<p>Neli minutit hiljem j\u00e4i Siret R\u00e4\u00e4metil napilt puudu, et nurgal\u00f6\u00f6gi j\u00e4rel v\u00e4ravavahi poolt pillatud pall \u00fcle joone susata. Tol hetkel tundus, et edasip\u00e4\u00e4s MM-valiksarja s\u00f5elm\u00e4ngudele ja Rahvuste liiga B-tasandile on k\u00e4ega katsuda, kuid seej\u00e4rel kandus m\u00e4ng selgelt Bosnia k\u00e4tte.&#13;\n<\/p>\n<p>Viigini j\u00f5udsid k\u00fclalised 23. minutil, kui p\u00e4rast suurt hulka nurgal\u00f6\u00f6ke p\u00e4\u00e4ses Melisa Hasanbegovic esipostist R\u00e4\u00e4meti ja Annegret Kala vahelt l\u00f6\u00f6gile &#8211; 1:1! P\u00e4rast seda tekkis Bosnial veel suur hulk v\u00f5imalusi, kuid kas oli sihik paigast \u00e4ra v\u00f5i hiilgas v\u00e4ravajoonel\u00a0Katarina Elisabeth K\u00e4pa. Teisel poolajal kolistas Sofija Kraj\u0161umovic koguni kolm korda Eesti v\u00e4ravapuid, tabades viielt meetrilt korra latti ja kaks korda posti.&#13;\n<\/p>\n<p>Hoolimata surve all olemisest p\u00fcsis Eesti lootus l\u00f5puni v\u00e4lja ning iga r\u00fcnnakualge tekitas P\u00e4rnu publikus elavust. P\u00e4rast avaveerandtundi tekkis eestlannadel siiski ainult paar suhteliselt lubavat l\u00f6\u00f6gikohta ning nii Katrin Kirpu kui ka Lisette Tammiku sooritused tabasid kaitsjaid. Soccernet.ee t\u00e4helepanekud:&#13;\n<\/p>\n<p>1.\u00a0Kasv\u00f5i tervise hinnaga&#13;\n<\/p>\n<p>V\u00f5rreldes reedel Liechtensteinis peetud valikm\u00e4nguga oli Eesti algkoosseisus kaks muudatust: Kelly Rosen alustas paremal Liisa Merisalu asemel ja Anette Salei Liselle Paltsi asemel. Kodus Leeduga 0:0 viiki leppinud Bosnia vahetas samuti kahte alustajat. Suureks kergenduseks Eesti jaoks oli reedel p\u00f5lve vigastanud Vlada Kubassova m\u00e4nguvalmidus.<\/p>\n<p>Kui kapten Kubassova taastus imekiiresti ja m\u00e4ngis teibitud p\u00f5lvega k\u00f5ik 90 minutit, siis m\u00e4ngu ajal kannatasid tugevaid obadusi teisedki.\u00a049. minutil tabas Rahel Repkini pikk pall l\u00fchikeselt distantsilt Kelly Roseni pead, 52. minutil j\u00e4i Katarina Elisabeth K\u00e4paga kokku p\u00f5rganud Annegret Kala randmest kinni hoidma. M\u00f5lemad naised vajasid pikka tohterdamispausi ning alles 57. minutil j\u00e4tkati taas t\u00e4iskoosseisus.&#13;\n<\/p>\n<p>Kehakeele j\u00e4rgi j\u00e4id saadud vopsud m\u00e4ngijaid siiski h\u00e4irima ning Roseni puhul tuligi vahetus peagi \u00e4ra teha, aga mitte enne, kui ta oli k\u00fcmmekond minutit kumiseva peaga ringi m\u00fctanud. Hiljuti saja koondisem\u00e4nguni j\u00f5udnud kogenud kaitsjale kutsuti seej\u00e4rel lausa kiirabi. Kala v\u00f5eti puhkama 79. minutil, nii et l\u00f5puks tuli kaitseliinis kaks vangerdust teha.&#13;\n<\/p>\n<p>L\u00f5pu eel sai palliga vastu pead ka Katrin Kirpu, kes tegi seej\u00e4rel murettekitavaid grimasse, kuid ei tahtnud vigastuspausi v\u00f5tmisest midagi kuulda.&#13;\n<\/p>\n<p>2. Rombi variatsioonid&#13;\n<\/p>\n<p>Aleksandra \u0160evoldajeva ametiajale mitteomaselt m\u00e4ngis Eesti neljase tagaliiniga, mitte kolme keskkaitsjaga. V\u00e4he sellest, P\u00e4rnus v\u00f5eti kasutusele Eesti jalgpallis vihatud ja armastatud rombikujuline keskv\u00e4ljaasetus.<\/p>\n<p>Seejuures moodustasid algse r\u00fcndepaari\u00a0Katrin Kirpu ja Mari Liis Lillem\u00e4e, mitte praeguse koondise suurimad v\u00e4ravak\u00fctid Lisette Tammik ja Vlada Kubassova. Tammik tegutses r\u00fcndajate taga ehk rombi tipus, Kubassova vasakul, Anette Salei paremal ja Loviise M\u00e4nniste kaitseliini ees.&#13;\n<\/p>\n<p>Vaheajal tehtud vahetuste j\u00e4rel edutati Kubassova r\u00fcnnakule ning Lillem\u00e4e asemele tulnud Katriin Saulus asus ise vasakule \u00e4\u00e4rele. Teise poolaja k\u00e4igus vahetasid Kubassova ja Tammik omavahel kohad \u00e4ra ning l\u00f5puks toodi ka An\u017eelika Jotkina keskv\u00e4ljale Eesti r\u00fcnnakut elavdama, kuid \u00fckski vangerdus ei suutnud meie r\u00fcndem\u00e4ngu otsustavalt k\u00e4ima t\u00f5mmata.&#13;\n<\/p>\n<p>R\u00fcndavaid m\u00e4ngijaid oli ees k\u00fcll palju, kuid pall ei tahtnud sinna\u00a0kuidagi p\u00fcsima j\u00e4\u00e4da. Samas tagati nelja suhteliselt staatilise kaitsem\u00e4ngija ja nende ees tegutseva kontrolliva poolkaitsjaga piisavalt suured j\u00f5ud Bosnia r\u00fcndajate takistamiseks.\u00a0&#13;\n<\/p>\n<p>3. Kahe kaotajaga m\u00e4ng<br \/>&#13;<br \/>\n&#13;\n<\/p>\n<p>Nii Eesti kui ka Bosnia teadsid avavile eel, et viigist ei ole neile mingit kasu. Eesti teadis seda p\u00e4ris kindlalt, et valikgrupi v\u00f5iduks tuli see m\u00e4ng iga hinna eest v\u00f5ita. Bosnial p\u00fcsis imepisike varuvariant Liechtensteini n\u00e4ol, kuid nagu eeldatud, sai Leedu samal ajal peetud kohtumises k\u00e4\u00e4busriigi koondisest jagu, nii et Eesti ja Bosnia viik sillutas Leedule tee MM-valiksarja s\u00f5elm\u00e4ngudele.<\/p>\n<p>P\u00e4rnu Rannastaadionil valitses l\u00f5puvile j\u00e4rel l\u00fc\u00fcasaamise meeleolu m\u00f5lema v\u00f5istkonna m\u00e4ngijates, kellest paljud vajusid murule pikali ja j\u00e4id peast kinni hoidma. Bosnia j\u00e4i k\u00fcll valikgrupis teiseks, kuid parimate teise koha omanike hulka neil asja ei ole, nii et nii nende kui ka Eesti jaoks l\u00f5ppes valiksari P\u00e4rnus ning B-divisjoni uks j\u00e4i suletuks.&#13;\n<\/p>\n<p>Leedut, Bosniat ja Eestit j\u00e4i l\u00f5puks lahutama vaid omavaheliste m\u00e4ngude v\u00e4ravate vahe. Kogu kolmik l\u00f5petas valikgrupi 11 punktiga kuuest m\u00e4ngust, Liechtenstein j\u00e4i nulli peale.&#13;\n<\/p>\n<p>4. T\u00f5usev vormik\u00f5ver&#13;\n<\/p>\n<p>Eesti jaoks kulges valiksari t\u00f5usvas joones. See algas m\u00e4rtsis Bosnias \u00fcsna selge 1:3 allaj\u00e4\u00e4misega, millele j\u00e4rgnes Leedus raske 0:0 viik. Aprillikuised kodum\u00e4ngud Liechtensteini ja Leeduga olid tasav\u00e4gised ning kallutati l\u00f5pu eel enda kasuks. Ning juunikuine aken algas Liechtensteinis 5:0 purustust\u00f6\u00f6ga, misj\u00e4rel omati Bosniat v\u00f5\u00f5rustades kuni viimaste sekunditeni v\u00e4lja ajaloolise edasip\u00e4\u00e4su v\u00f5imalust.<\/p>\n<p>See ei ole kokkusattumus, et edasiminek \u00fchtis Eesti jalgpallihooaja k\u00f5veraga &#8211; kui m\u00e4rtsis meie hooaeg alles algas, siis aprillis koguti vormi ning suveks v\u00f5iks k\u00e4es olla tippvorm. Lisaks avaldasid kindlasti m\u00f5ju v\u00f5tmem\u00e4ngijate vigastused, mis segasid valiksarja alguses nii Lisette Tammikut kui ka Vlada Kubassovat.&#13;\n<\/p>\n<p>5. Eesti parim &#8211; Katarina Elisabeth K\u00e4pa&#13;\n<\/p>\n<p>UEFA ametliku statistika kohaselt sooritas Bosnia 25 l\u00f6\u00f6ki meie 7 vastu, neist postide vahele suundusid vastavalt 9 ja 2. Niisiis sai Eesti v\u00e4ravavaht kirja koguni 8 t\u00f5rjet, lisaks p\u00e4\u00e4seti 3 korda t\u00e4nu tema v\u00e4ravapuudest s\u00f5brannadele. Bosnia raiskas k\u00fcll ka ise hulga v\u00f5imalusi, kuid umbes viis K\u00e4pa t\u00f5rjet olid silmapaistvalt head sooritused, mis hoidsid Eesti lootuskiirt viimase hetkeni \u00f5hus ja rikkusid bosnialannade p\u00e4eva.&#13;\n<\/p>\n<p>Protokoll:<\/p>\n<p>9. juunil kell 20.00 P\u00e4rnu Rannastaadionil&#13;\n<\/p>\n<p>Eesti &#8211; Bosnia ja Hertsegoviina\u00a0 1:1 (1:1)<br \/>&#13;<br \/>\n11. Vlada Kubassova &#8211; 23. Melisa Hasanbegovic&#13;\n<\/p>\n<p>Hoiatused: 60. Elma Husic, 86. Melisa Hasanbegovic<br \/>&#13;<br \/>\nM\u00e4nguolud: \u00f5hutemperatuur 15 kraadi, pilvine ilm, m\u00e4rg v\u00e4ljak<br \/>&#13;<br \/>\nPeakohtunik: Michaela Pachtova<br \/>&#13;<br \/>\nAbikohtunikud: Lucie Ratajova, Tereza Hessova<br \/>&#13;<br \/>\nNeljas kohtunik: Natalie Campi\u0161ova (k\u00f5ik T\u0161ehhi)&#13;\n<\/p>\n<p>Eesti: Katarina Elisabeth K\u00e4pa, Kelly Rosen (62. Kristiina Tullus), Rahel Repkin, Siret R\u00e4\u00e4met, Annegret Kala (79. Liselle Palts), Anette Salei, Loviise M\u00e4nniste (46. Karola Purgats; 82. An\u017eelika Jotkina), Vlada Kubassova, Lisette Tammik, Mari Liis Lillem\u00e4e (46. Katriin Saulus), Katrin Kirpu.<br \/>&#13;<br \/>\nVarus: Victoria Vihman, Liisa Liimets, Kristiina Tullus, Liselle Palts, Katriin Saulus, Liisa Merisalu, Karola Purgats, Elisabet Polstjanova, Anastasija Ju\u017eaninova, Lisandra Rannasto, Kristina Teern, An\u017eelika Jotkina.&#13;\n<\/p>\n<p>Bosnia: Somea Polozen, Andrea Gavric, Melisa Hasanbegovic, Maja Hrelja, Samra Muhic (78. Dalal Bratovic), Marija Aleksic, Elma Husic (70. Andrea Grebenar), Selma Kapetanovic (78. Andrea Cule), Sofija Kraj\u0161umovic, Milena Nikolic, Emina Ekic.<br \/>&#13;<br \/>\nVarus: Iman Dumanjic, Hana Karacic, Milica Denda, Dula Velagic, Dalal Bratovic, Andrea Cule, Nina Brnic, Lana Raduovic, Nina Garibija, Vina Crnoja, Andrea Grebenar.                         <\/p>\n","protected":false},"excerpt":{"rendered":"&#13; Eesti naiste koondis oli tosin minutit kinni edasip\u00e4\u00e4sus MM-valikgrupist s\u00f5elm\u00e4ngudele, kuid hingestatud lahingust hoolimata tuli l\u00f5puks t\u00f5deda,&hellip;\n","protected":false},"author":2,"featured_media":199511,"comment_status":"","ping_status":"","sticky":false,"template":"","format":"standard","meta":{"footnotes":"","_share_on_mastodon":"0"},"categories":[18],"tags":[9331,81501,37,33,35,74544,9645,34,36,1632,1032,1725,1726,9654,69106,72599,9655,83397,9644,159,158,698,1035],"class_list":["post-199510","post","type-post","status-publish","format-standard","has-post-thumbnail","category-sport","tag-aleksandra-sevoldajeva","tag-bosnia-naiskond","tag-ee","tag-eesti","tag-eesti-keel","tag-eesti-naiskond","tag-eesti-naiste-koondis","tag-estonia","tag-estonian","tag-katarina-elisabeth-kapa","tag-kubassova","tag-luup","tag-luup-peale","tag-naiste-koondis","tag-naiste-mm-valikmang","tag-naiste-mm-valikturniir","tag-naistekoondis","tag-romb","tag-sevoldajeva","tag-sport","tag-sports","tag-ulevaade","tag-vlada-kubassova"],"share_on_mastodon":{"url":"https:\/\/pubeurope.com\/@ee\/116722163060242078","error":""},"_links":{"self":[{"href":"https:\/\/www.europesays.com\/ee\/wp-json\/wp\/v2\/posts\/199510","targetHints":{"allow":["GET"]}}],"collection":[{"href":"https:\/\/www.europesays.com\/ee\/wp-json\/wp\/v2\/posts"}],"about":[{"href":"https:\/\/www.europesays.com\/ee\/wp-json\/wp\/v2\/types\/post"}],"author":[{"embeddable":true,"href":"https:\/\/www.europesays.com\/ee\/wp-json\/wp\/v2\/users\/2"}],"replies":[{"embeddable":true,"href":"https:\/\/www.europesays.com\/ee\/wp-json\/wp\/v2\/comments?post=199510"}],"version-history":[{"count":0,"href":"https:\/\/www.europesays.com\/ee\/wp-json\/wp\/v2\/posts\/199510\/revisions"}],"wp:featuredmedia":[{"embeddable":true,"href":"https:\/\/www.europesays.com\/ee\/wp-json\/wp\/v2\/media\/199511"}],"wp:attachment":[{"href":"https:\/\/www.europesays.com\/ee\/wp-json\/wp\/v2\/media?parent=199510"}],"wp:term":[{"taxonomy":"category","embeddable":true,"href":"https:\/\/www.europesays.com\/ee\/wp-json\/wp\/v2\/categories?post=199510"},{"taxonomy":"post_tag","embeddable":true,"href":"https:\/\/www.europesays.com\/ee\/wp-json\/wp\/v2\/tags?post=199510"}],"curies":[{"name":"wp","href":"https:\/\/api.w.org\/{rel}","templated":true}]}}