{"id":199512,"date":"2026-06-09T21:01:12","date_gmt":"2026-06-09T21:01:12","guid":{"rendered":"https:\/\/www.europesays.com\/ee\/199512\/"},"modified":"2026-06-09T21:01:12","modified_gmt":"2026-06-09T21:01:12","slug":"leedukatele-pahe-pugenud-kristal-kui-juba-kolmandal-minutil-lubatakse-jalad-murda-siis-peabki-neile-seisu-meelde-tuletama-soccernet-ee","status":"publish","type":"post","link":"https:\/\/www.europesays.com\/ee\/199512\/","title":{"rendered":"Leedukatele p\u00e4he pugenud Kristal: kui juba kolmandal minutil lubatakse jalad murda, siis peabki neile seisu meelde tuletama! &#8211; Soccernet.ee"},"content":{"rendered":"<p><img decoding=\"async\" src=\"https:\/\/www.europesays.com\/ee\/wp-content\/uploads\/2026\/06\/1781032778.JPG\" alt=\"Patrik Kristal (nr 14) oli taas Eesti koondise \u00fcks vedajaid. Foto: Liisi Troska \/ jalgpall.ee\"\/>&#13;\n<\/p>\n<p>Patrik Kristal on silmapaistev m\u00e4ngija mitte ainult v\u00e4ljakul, vaid t\u00f5stab latti k\u00f5rgemale ka Eesti koondise m\u00e4nguj\u00e4rgsete intervjuude andmisel. Poolkaitsja vestlus ajakirjanikega kestis p\u00e4rast Leedu alistamist ja v\u00f5idukarika pea kohale t\u00f5stmist t\u00e4pselt kolm minutit, aga sinna sisse mahtus umbes kaheksa pealkirjav\u00e4\u00e4rilist tsitaati, kuhjaga naeru ja ilmselgelt v\u00f5idur\u00f5\u00f5mu selle \u00fcle, et palju suud ja k\u00e4si pruukinud leedukad \u00f5nnestus paika panna.<\/p>\n<p>&#8220;Imelised emotsioonid! Esimene finaal, mille ma v\u00f5itnud olen! \u00dctlesin enne m\u00e4ngu [Markus] Soometsale, et olen kahes finaalis m\u00e4nginud ja m\u00f5lemad kaotanud &#8211; kolm on kohtu seadus. Ja tuli \u00e4ra!&#8221; alustas Kristal r\u00f5\u00f5msalt.&#13;\n<\/p>\n<p>Juba m\u00e4ngu ajal ja eriti l\u00f5puvile j\u00e4rel l\u00e4ks Kristalil leedukatega natuke seletamiseks &#8211; &#8220;minul nendega ei l\u00e4inud, nendel l\u00e4ks minuga!&#8221; t\u00e4psustas asjaosaline kohe ise -, nii et sekkuma pidid meeskonnakaaslased ja kohtunikudki. Esmalt puges Kristal p\u00e4he Edgaras Utkusele, seej\u00e4rel vihastas tema peale ka Armandas Kucys. Kui l\u00f5puvile k\u00f5las ja Kristal hakkas Eesti f\u00e4nnide ees k\u00e4teringe tehes t\u00e4histama, marssis Kucys otsejoones tema juurde ja n\u00f5udis aru. Eri v\u00e4ljaku otstest oma meest kaitsma tormanud Eesti ja Leedu m\u00e4ngijate vahel l\u00e4ks seepeale suuremaks n\u00fcgimiseks, aga l\u00f5puks siiski rahuneti.&#13;\n<\/p>\n<p>&#8220;Mulle v\u00e4ga meeldis! \u00dctlesin kohe p\u00e4rast m\u00e4ngu Arnole, et see on minu arust \u00fcks k\u00f5ige halvemaid m\u00e4nge, mis ma kunagi m\u00e4nginud olen. Arno \u00fctles, et tal on t\u00e4iesti teised emotsioonid &#8211; et see on k\u00f5ige parem m\u00e4ng, mis ma kunagi m\u00e4nginud olen,&#8221; meenutas Kristal vestlust koondise abitreeneri Arno Pijpersiga.<\/p>\n<p>&#8220;Leidsin kohti, enda arust andsin oma mehele kaks s\u00f6\u00f6tu, aga &#8230; L\u00f5puks sain aru, et ma olingi selline &#8230; decoy (peibutis &#8211; K. J. K.). Kui mulle juba enne m\u00e4ngu \u00f6eldakse, et me murrame su jalad t\u00e4na \u00e4ra, ja ma \u00fctlen, et okei &#8230; Siis ma ju tean, et iga kord, kui ma palli saan, keegi tuleb ja lendab mulle kodaratesse. \u00dctlesin poolajal poistele, et minge minu selja taha, liini taha, nad on k\u00f5ik orienteeritud minu peale. Meil on t\u00e4iesti imeline sats, kes toetab ja aitab mind. See t\u00f5igi meile t\u00e4na v\u00f5idu!&#8221; j\u00e4tkas Kristal v\u00e4rvika kirjeldusega.&#13;\n<\/p>\n<p>Juba enne m\u00e4ngu?! &#8220;Nojah, kolmandal minutil. See sama keskkaitsja, kellele ma p\u00e4rast seisu n\u00e4itasin!&#8221; viitas Kristal Utkusele, kelle silme eest ta l\u00f5puminutitel ilmekat &#8220;1:0&#8221; \u017eesti demonstreeris. &#8220;Ma ei tea, ta unustas kogu aeg \u00e4ra! Vahepeal k\u00fcsis, kui vana ma olen &#8230; \u00dctlesin, et vaata seisu. Pidin kogu aeg meelde tuletama talle!&#8221;&#13;\n<\/p>\n<p>&#8220;Ma ei n\u00e4e seda leedukat ilmselt elus mitte kunagi&#8221;&#13;\n<\/p>\n<p>Kristal naudib vabadust, mille J\u00fcrgen Henn talle annab. &#8220;No p\u00e4ris k\u00f5ike ma palliga teha ei saa, mida ma tahan! Aga eriti teisel poolajal leidsime ruume ja liikusime keskv\u00e4ljal h\u00e4sti. Neil oli v\u00e4ga v\u00e4he v\u00f5imalusi, kui \u00fcldse.&#8221;<\/p>\n<p>Ta ei hakanud salgama, et just niisugune m\u00e4ng ja vastaste t\u00f6\u00f6tlemine talle sobib. &#8220;Ma sain nad r\u00fctmist v\u00e4lja ja nad said lollid kollase. \u00dcks mees l\u00fckkas mind auti, \u00fcks mees tuli kallale mulle lambist &#8230; See l\u00fckkab ju neid r\u00fctmist v\u00e4lja, mitte mind! Sellep\u00e4rast me l\u00f5puks v\u00f5itsimegi. K\u00e4it \u00fctles h\u00e4sti, et kui meil oleks kolme p\u00e4eva p\u00e4rast uuesti nendega m\u00e4ng, siis ma ei m\u00e4ngiks elu sees. Ma arvan, et ma saaks surma!&#8221; naeris Kristal.&#13;\n<\/p>\n<p>&#8220;Aga see k\u00e4ib jalgpalli juurde. Ma ei n\u00e4e seda leedukat ilmselt enam elus mitte kunagi ja mul v\u00e4ga vahet ei ole, mida ta minust arvab. Me v\u00f5itsime, nad kaotasid!&#8221;&#13;\n<\/p>\n<p>Siinkohal sekkus usutlusse k\u00f5rval oma intervjuu l\u00f5petanud Karl Jakob Hein, kes k\u00e4sutas vastuvaidlemist mittev\u00f5imaldaval toonil: &#8220;Pats, tule \u00e4ra!!!&#8221;&#13;\n<\/p>\n<p>&#8220;Kuule, andke andeks!&#8221; teatas Kristal ajakirjanikele ja kadus r\u00f5\u00f5must huilates Eesti riietusruumi, kust hetk hiljem k\u00f5las meeskonna \u00fchine v\u00f5iduh\u00fc\u00fcd &#8211; Balti turniiri hiiglaslik v\u00f5idukarikas p\u00fcsib j\u00e4tkuvalt Eesti meeskonna valduses.<\/p>\n","protected":false},"excerpt":{"rendered":"&#13; Patrik Kristal on silmapaistev m\u00e4ngija mitte ainult v\u00e4ljakul, vaid t\u00f5stab latti k\u00f5rgemale ka Eesti koondise m\u00e4nguj\u00e4rgsete intervjuude&hellip;\n","protected":false},"author":2,"featured_media":199513,"comment_status":"","ping_status":"","sticky":false,"template":"","format":"standard","meta":{"footnotes":"","_share_on_mastodon":"0"},"categories":[80],"tags":[10188,9597,26,27,37,33,35,5289,34,36,31,32,21,532,536,7231,28,29,95,9842,19,921,25,23,24,22,20,30,92,93,94],"class_list":["post-199512","post","type-post","status-publish","format-standard","has-post-thumbnail","category-maailm","tag-a-koondis","tag-balti-turniir","tag-breaking-news","tag-breakingnews","tag-ee","tag-eesti","tag-eesti-keel","tag-eesti-koondis","tag-estonia","tag-estonian","tag-featured-news","tag-featurednews","tag-headlines","tag-hein","tag-karl-jakob-hein","tag-kristal","tag-latest-news","tag-latestnews","tag-maailm","tag-meeste-koondis","tag-news","tag-patrik-kristal","tag-populaarseimad-lood","tag-top-stories","tag-topstories","tag-uldised-uudised","tag-uudised","tag-viimased-uudised","tag-world","tag-world-news","tag-worldnews"],"share_on_mastodon":{"url":"","error":"Validation failed: Text character limit of 500 exceeded"},"_links":{"self":[{"href":"https:\/\/www.europesays.com\/ee\/wp-json\/wp\/v2\/posts\/199512","targetHints":{"allow":["GET"]}}],"collection":[{"href":"https:\/\/www.europesays.com\/ee\/wp-json\/wp\/v2\/posts"}],"about":[{"href":"https:\/\/www.europesays.com\/ee\/wp-json\/wp\/v2\/types\/post"}],"author":[{"embeddable":true,"href":"https:\/\/www.europesays.com\/ee\/wp-json\/wp\/v2\/users\/2"}],"replies":[{"embeddable":true,"href":"https:\/\/www.europesays.com\/ee\/wp-json\/wp\/v2\/comments?post=199512"}],"version-history":[{"count":0,"href":"https:\/\/www.europesays.com\/ee\/wp-json\/wp\/v2\/posts\/199512\/revisions"}],"wp:featuredmedia":[{"embeddable":true,"href":"https:\/\/www.europesays.com\/ee\/wp-json\/wp\/v2\/media\/199513"}],"wp:attachment":[{"href":"https:\/\/www.europesays.com\/ee\/wp-json\/wp\/v2\/media?parent=199512"}],"wp:term":[{"taxonomy":"category","embeddable":true,"href":"https:\/\/www.europesays.com\/ee\/wp-json\/wp\/v2\/categories?post=199512"},{"taxonomy":"post_tag","embeddable":true,"href":"https:\/\/www.europesays.com\/ee\/wp-json\/wp\/v2\/tags?post=199512"}],"curies":[{"name":"wp","href":"https:\/\/api.w.org\/{rel}","templated":true}]}}