{"id":199551,"date":"2026-06-09T22:20:12","date_gmt":"2026-06-09T22:20:12","guid":{"rendered":"https:\/\/www.europesays.com\/ee\/199551\/"},"modified":"2026-06-09T22:20:12","modified_gmt":"2026-06-09T22:20:12","slug":"tagatuba-tallinna-tulipunktis-tahtsid-olla-nii-zelenskoi-macron-kui-ka-kutsumata-kulaline-stubb-2","status":"publish","type":"post","link":"https:\/\/www.europesays.com\/ee\/199551\/","title":{"rendered":"TAGATUBA | Tallinna tulipunktis tahtsid olla nii Zelensk\u00f5i, Macron kui ka kutsumata k\u00fclaline Stubb"},"content":{"rendered":"<p>Aga mida see t\u00e4hendab, et Euroopa peab l\u00e4bir\u00e4\u00e4kimistest Venemaa diktaatori <a rel=\"noopener nofollow\" target=\"_blank\" href=\"https:\/\/www.delfi.ee\/teema\/23342331\/vladimir-putin\" tag-id=\"23342331\">Vladimir Putiniga<\/a> osa v\u00f5tma? See oli vast peamine k\u00fcsimus, mille kohta P\u00f5hjala-Balti liidrid Ukraina presidendilt <a rel=\"noopener nofollow\" target=\"_blank\" href=\"https:\/\/www.delfi.ee\/teema\/85745477\/volodomor-zelenskoi\" tag-id=\"85745477\">Volod\u00f5m\u00f5r Zelensk\u00f5ilt<\/a> selgust ootasid, kuna ta on esinenud sellise \u00fcleskutsega. N\u00fc\u00fcd, kus USA on end rahu vahendamise tegevusest sisuliselt tagasi t\u00f5mmanud ja hoiab vahetut fookust L\u00e4his-Idal ja kaugemat Hiinal, oli see k\u00fcsimus eriti oluline.<\/p>\n<p>Zelensk\u00f5i andis p\u00f5hjapoolsetele liitlastele Tallinnas m\u00f5ista, et see t\u00e4hendab, et Euroopa peaks r\u00e4\u00e4kima Putiniga koos Ukrainaga \u00fchiste Euroopa huvide eest. Seega ei t\u00e4henda Euroopa roll Zelensk\u00f5i ettekujutuses mingit vahendamist v\u00f5i lepitamist, vaid \u00fchtse meeskonna moodustamist maailmajao julgeoleku- ja muude huvide eest seismisel.<\/p>\n<p>Oled juba tellija?Logi sisse<\/p>\n<p><a href=\"https:\/\/www.delfi.ee\/artikkel\/120589756\/tagatuba-tallinna-tulipunktis-tahtsid-olla-nii-zelenskoi-macron-kui-ka-kutsumata-kulaline-stubb\/kommentaarid\" class=\"article-body-bottom__comment article-body-bottom__comment--write button button--primary button--size-auto\" rel=\"nofollow noopener\" target=\"_blank\"> Kommenteeri <\/a><a href=\"https:\/\/www.delfi.ee\/artikkel\/120589756\/tagatuba-tallinna-tulipunktis-tahtsid-olla-nii-zelenskoi-macron-kui-ka-kutsumata-kulaline-stubb\/kommentaarid\" class=\"article-body-bottom__comment article-body-bottom__comment--read button button--size-auto\" rel=\"nofollow noopener\" target=\"_blank\"> Loe kommentaare (53)<\/a><\/p>\n","protected":false},"excerpt":{"rendered":"Aga mida see t\u00e4hendab, et Euroopa peab l\u00e4bir\u00e4\u00e4kimistest Venemaa diktaatori Vladimir Putiniga osa v\u00f5tma? See oli vast peamine&hellip;\n","protected":false},"author":2,"featured_media":199499,"comment_status":"","ping_status":"","sticky":false,"template":"","format":"standard","meta":{"footnotes":"","_share_on_mastodon":"0"},"categories":[12],"tags":[1267,26,27,37,33,35,2194,34,36,31,32,21,28,29,19,54444,25,107,23,24,22,20,30,661,263],"class_list":["post-199551","post","type-post","status-publish","format-standard","has-post-thumbnail","category-eesti","tag-alexander-stubb","tag-breaking-news","tag-breakingnews","tag-ee","tag-eesti","tag-eesti-keel","tag-emmanuel-macron","tag-estonia","tag-estonian","tag-featured-news","tag-featurednews","tag-headlines","tag-latest-news","tag-latestnews","tag-news","tag-pohjala-balti","tag-populaarseimad-lood","tag-soda-ukrainas","tag-top-stories","tag-topstories","tag-uldised-uudised","tag-uudised","tag-viimased-uudised","tag-vladimir-putin","tag-volodomor-zelenskoi"],"share_on_mastodon":{"url":"https:\/\/pubeurope.com\/@ee\/116722481537593748","error":""},"_links":{"self":[{"href":"https:\/\/www.europesays.com\/ee\/wp-json\/wp\/v2\/posts\/199551","targetHints":{"allow":["GET"]}}],"collection":[{"href":"https:\/\/www.europesays.com\/ee\/wp-json\/wp\/v2\/posts"}],"about":[{"href":"https:\/\/www.europesays.com\/ee\/wp-json\/wp\/v2\/types\/post"}],"author":[{"embeddable":true,"href":"https:\/\/www.europesays.com\/ee\/wp-json\/wp\/v2\/users\/2"}],"replies":[{"embeddable":true,"href":"https:\/\/www.europesays.com\/ee\/wp-json\/wp\/v2\/comments?post=199551"}],"version-history":[{"count":0,"href":"https:\/\/www.europesays.com\/ee\/wp-json\/wp\/v2\/posts\/199551\/revisions"}],"wp:featuredmedia":[{"embeddable":true,"href":"https:\/\/www.europesays.com\/ee\/wp-json\/wp\/v2\/media\/199499"}],"wp:attachment":[{"href":"https:\/\/www.europesays.com\/ee\/wp-json\/wp\/v2\/media?parent=199551"}],"wp:term":[{"taxonomy":"category","embeddable":true,"href":"https:\/\/www.europesays.com\/ee\/wp-json\/wp\/v2\/categories?post=199551"},{"taxonomy":"post_tag","embeddable":true,"href":"https:\/\/www.europesays.com\/ee\/wp-json\/wp\/v2\/tags?post=199551"}],"curies":[{"name":"wp","href":"https:\/\/api.w.org\/{rel}","templated":true}]}}