{"id":199767,"date":"2026-06-10T08:04:22","date_gmt":"2026-06-10T08:04:22","guid":{"rendered":"https:\/\/www.europesays.com\/ee\/199767\/"},"modified":"2026-06-10T08:04:22","modified_gmt":"2026-06-10T08:04:22","slug":"suvel-sagenevad-noorte-tekitatud-kahjud-koerustukk-laks-vanematele-maksma-ligi-12-000-eurot-2","status":"publish","type":"post","link":"https:\/\/www.europesays.com\/ee\/199767\/","title":{"rendered":"Suvel sagenevad noorte tekitatud kahjud: koerust\u00fckk l\u00e4ks vanematele maksma ligi 12 000 eurot"},"content":{"rendered":"<p class=\"MsoNormal\">K\u00f5ige rohkem tekib vaba aega just lastel ja noorukitel, kes veedavad aktiivselt aega s\u00f5pradega, k\u00e4ivad laagrites ja on aeg-ajalt vanavanemate hoole all. Seega avaneb v\u00f5imaluste aken mitmesugusteks \u00e4pardusteks, mis lihtsalt juhtuvad, aga mida keegi ei plaaninud.<\/p>\n<p>P\u00e4ikesepaneelide l\u00f5hkumine l\u00e4ks kalliks maksma<\/p>\n<p class=\"MsoNormal\">IIZI kahjujuhtumid n\u00e4itavad, et suvised \u00e4pardused s\u00fcnnivad enamasti m\u00e4nguhoos v\u00f5i lihtsalt uudishimust \u2013 kogemata l\u00f5hutakse telefone, kriibitakse autosid, kahjustatakse v\u00f5\u00f5rast vara v\u00f5i tekitatakse kahju, mille parandamine v\u00f5ib maksma minna tuhandeid eurosid.<\/p>\n<p class=\"MsoNormal\">K\u00f5ige kallimad juhtumid j\u00f5uavad ka uudistesse. Nii kirjutati eelmisel aastal olukorrast, kus noorukite ohtlik koerust\u00fckk l\u00f5ppes p\u00e4ikesepaneelide l\u00f5hkumisega ning vanematele ligi 12 000 euro suuruse kahjuga. Kui perel oleks olnud <a rel=\"noopener follow nofollow\" target=\"_blank\" href=\"https:\/\/iizi.ee\/eraklient\/vorukaelakindlustus?utm_source=ekspress&amp;utm_medium=article&amp;utm_campaign=june-26&amp;utm_content=rascal\" data-rel-date-range=\"[]\">eraisiku vastutuskindlustus<\/a> ehk V\u00f5rukaela kindlustus, oleks selline kahju saanud kindlustuse alt h\u00fcvitatud.<\/p>\n<p class=\"MsoNormal\">\u201eSuvel liiguvad lapsed lihtsalt palju rohkem ringi ja satuvad sagedamini olukordadesse, kus v\u00f5ib midagi juhtuda. V\u00e4ga paljud kahjud tekivad hetkeemotsioonist \u2013 reeglina ei l\u00e4he keegi pahatahtlikult midagi l\u00f5hkuma,\u201c \u00fctleb IIZI vara- ja isikukindlustuse tootearendusjuht Pille Plees.<\/p>\n<p class=\"MsoNormal\">V\u00f5rukaela kahjude statistika n\u00e4itab, et enim juhtub just selliseid \u00f5nnetusi, mida inimesed ise peavad pigem v\u00e4ikesteks apsudeks. Ligi 75% juhtumitest on seotud teiste vara kahjustamisega, n\u00e4iteks l\u00f5hutud telefonide, s\u00fclearvutite v\u00f5i kriibitud autodega, kus kahjusummad v\u00f5ivad ulatuda sajast eurost m\u00f5ne tuhandeni.<\/p>\n<p>Klient tasus ilusalongis lisaks soengule ka kahjustatud arvuti eest<\/p>\n<p class=\"MsoNormal\">V\u00f5rukaela kindlustuse kahjuteadete seas domineerivad laste ja noorukite tekitatud juhtumid. K\u00fcllap k\u00f5lab nii m\u00f5nelegi perele tuttavalt olukord, kus lapse mudelauto lendab televiisorisse. \u00dchel juhul l\u00f5ppes selline m\u00e4ng \u00fc\u00fcrikorteris Samsungi QLED-teleri purunemisega, mille v\u00e4\u00e4rtus oli \u00fcle 600 euro.<\/p>\n<p class=\"MsoNormal\">IIZI vara- ja isikukindlustuse tootejuhi Pille Pleesi s\u00f5nul jagub n\u00e4iteid sellestki, kus lastel hakkas lihtsalt igav. \u201eNii tuli ette olukord, kus nooruk turnis omaniku teadmata elamu katusel lumet\u00f5kketorudel. Selle tagaj\u00e4rjel purunesid eterniitplaadid ja deformeerusid lumet\u00f5kked,\u201c kirjeldab Plees, lisades, et see igavuse peletamine l\u00e4ks omanikule maksma 700 eurot.<\/p>\n<p class=\"MsoNormal\">Eriliselt kurioosseks kujunes aga lugu, kus teismeline, kes \u00fcritas parkimisplatsil oleva liiklusm\u00e4rgi otsa ronida, kukkus koos k\u00fclili vajunud postiga otse pargitud auto kapotile. \u201eM\u00f5istagi said kahjustada nii auto kui ka t\u00e4navapost, mist\u00f5ttu ulatusid kulud kokku taas \u00fcle paari tuhande euro,\u201c lisab Plees.<\/p>\n<p class=\"MsoNormal\">\u201eLapsed viibivad hetkes, m\u00f5tlemata sellele, kui kalliks v\u00f5ivad osutuda neid \u00fcmbritsevad esemed v\u00f5i kui suur v\u00f5ib olla \u00fche v\u00e4ikese teo tagaj\u00e4rg. Kahju v\u00f5ib tekkida sekunditega,\u201c \u00fctleb ta. \u201eSamamoodi juhtus \u00fche kaheaastasega, kes k\u00fclas olles l\u00f5hkus \u00e4ra perenaise hambakaped, v\u00f5i teise v\u00f5rukaelaga, kes l\u00fckkas ilusalongis m\u00e4nguhoos p\u00f5randale sealse arvuti, mille remont l\u00e4ks maksma pea 700 eurot.\u201c<\/p>\n<p class=\"MsoNormal\">\u201eTavaliselt t\u00f5useb suvekuudel kahjude arv kahekordseks, sest inimesed liiguvad palju ringi ja eks tegijal juhtub,\u201c m\u00e4rgib Plees.<\/p>\n<p>Jalgrattad ja t\u00f5uksid j\u00e4tavad autodele oma j\u00e4lje<\/p>\n<p class=\"MsoNormal\">Suvised kahjud ei piirdu ainult lastega. M\u00f5nusate ilmadega viibivad v\u00e4ljas k\u00f5ik \u2013 tehakse tervisesporti, s\u00f5idetakse rattaga ja joviaalsemas tujus v\u00f5etakse ette m\u00f5ni pallim\u00e4ng, mis v\u00f5ib l\u00f5ppeda kellegi aknas.<\/p>\n<p class=\"MsoNormal\">IIZI andmetel kasvab suvekuudel mitmesuguste kaherattalistega seotud juhtumite arv. K\u00f5ige sagedamini saavad kahjustada autod, telefonid v\u00f5i muu kallis vara, mille vastu s\u00f5idetakse v\u00f5i mis kukub kokkup\u00f5rke tagaj\u00e4rjel maha. \u201eOn \u00fcsna tavaline, et sisse tuleb juhtum, kus jalgrattaga parkivate autode vahel s\u00f5ites kriibitakse \u00e4ra parkiva auto esistange, k\u00fcljeuks v\u00f5i k\u00fcljepeegel.\u201c<\/p>\n<p class=\"MsoNormal\">Pleesi s\u00f5nul v\u00f5ivad enesele teadmata v\u00f5rukaelteks osutuda tervisesportlased. \u201eTerviserajal liikunud jalgratturile s\u00f5itis k\u00fclje pealt otsa metsarajalt teele keeranud teine jalgrattur. Otsas\u00f5idu tagaj\u00e4rjel vajas remonti kannatanu ratas. Ka kiiver sai tugeva l\u00f6\u00f6gi ja vajas v\u00e4ljavahetamist. Lisaks purunes kukkudes spordikella klaas ja rebenes p\u00fcksip\u00f5lv,\u201c kirjeldab tootejuht. Kogukahju ulatus umbes 1200 euroni.<\/p>\n<p class=\"MsoNormal\">Suveperioodil sagenevad ka lemmikloomadega seotud juhtumid \u2013 n\u00e4iteks p\u00e4\u00e4seb koer lahti ja kahjustab k\u00fc\u00fcntega k\u00fclalise autot v\u00f5i n\u00e4rib naabri aeda augu sisse.<\/p>\n<p>V\u00f5rukaelte kahjud ei s\u00fcnni pahatahtlikkusest<\/p>\n<p>Plees r\u00f5hutab, et enamik juhtumeid ei s\u00fcnni pahatahtlikkusest. \u201eNeed on t\u00e4iesti tavalised olukorrad \u2013 lapsed m\u00e4ngivad, inimesed liiguvad rohkem ringi, tehakse sporti v\u00f5i minnakse k\u00fclla. S\u00fcdames ei taha ju keegi halba, aga vahel lihtsalt juhtub,\u201c \u00fctleb ta.<\/p>\n<p class=\"MsoNormal\">Just seet\u00f5ttu on viimastel aastatel kasvanud huvi eraisiku vastutuskindlustuse ehk V\u00f5rukaela kindlustuse vastu, mis aitab katta teistele tekitatud varakahjusid \u2013 olgu kahju p\u00f5hjustajaks laps, lemmikloom v\u00f5i t\u00e4iskasvanu. Kui v\u00f5rukael on s\u00fcdames, siis vaata l\u00e4hemalt: <a rel=\"noopener nofollow\" href=\"http:\/\/iizi.ee\" target=\"_blank\">iizi.ee<\/a>.<\/p>\n<p class=\"MsoNormal\">Kindlustusvahenduse pakkuja on IIZI Kindlustusmaakler AS. Tutvu tingimustega: <a rel=\"noopener nofollow\" href=\"http:\/\/iizi.ee\" target=\"_blank\">iizi.ee<\/a> v\u00f5i pea n\u00f5u spetsialistiga tel 666 0300.<\/p>\n","protected":false},"excerpt":{"rendered":"K\u00f5ige rohkem tekib vaba aega just lastel ja noorukitel, kes veedavad aktiivselt aega s\u00f5pradega, k\u00e4ivad laagrites ja on&hellip;\n","protected":false},"author":2,"featured_media":199768,"comment_status":"","ping_status":"","sticky":false,"template":"","format":"standard","meta":{"footnotes":"","_share_on_mastodon":"0"},"categories":[14],"tags":[5554,131,130,37,33,5551,35,5552,34,36,5555,5557,5553,5556],"class_list":["post-199767","post","type-post","status-publish","format-standard","has-post-thumbnail","category-ari","tag-areen","tag-ari","tag-business","tag-ee","tag-eesti","tag-eesti-ekspress","tag-eesti-keel","tag-ekspress","tag-estonia","tag-estonian","tag-flash","tag-onne-valem","tag-persoon","tag-sahinad"],"share_on_mastodon":{"url":"https:\/\/pubeurope.com\/@ee\/116724777788786521","error":""},"_links":{"self":[{"href":"https:\/\/www.europesays.com\/ee\/wp-json\/wp\/v2\/posts\/199767","targetHints":{"allow":["GET"]}}],"collection":[{"href":"https:\/\/www.europesays.com\/ee\/wp-json\/wp\/v2\/posts"}],"about":[{"href":"https:\/\/www.europesays.com\/ee\/wp-json\/wp\/v2\/types\/post"}],"author":[{"embeddable":true,"href":"https:\/\/www.europesays.com\/ee\/wp-json\/wp\/v2\/users\/2"}],"replies":[{"embeddable":true,"href":"https:\/\/www.europesays.com\/ee\/wp-json\/wp\/v2\/comments?post=199767"}],"version-history":[{"count":0,"href":"https:\/\/www.europesays.com\/ee\/wp-json\/wp\/v2\/posts\/199767\/revisions"}],"wp:featuredmedia":[{"embeddable":true,"href":"https:\/\/www.europesays.com\/ee\/wp-json\/wp\/v2\/media\/199768"}],"wp:attachment":[{"href":"https:\/\/www.europesays.com\/ee\/wp-json\/wp\/v2\/media?parent=199767"}],"wp:term":[{"taxonomy":"category","embeddable":true,"href":"https:\/\/www.europesays.com\/ee\/wp-json\/wp\/v2\/categories?post=199767"},{"taxonomy":"post_tag","embeddable":true,"href":"https:\/\/www.europesays.com\/ee\/wp-json\/wp\/v2\/tags?post=199767"}],"curies":[{"name":"wp","href":"https:\/\/api.w.org\/{rel}","templated":true}]}}