{"id":199780,"date":"2026-06-10T08:24:10","date_gmt":"2026-06-10T08:24:10","guid":{"rendered":"https:\/\/www.europesays.com\/ee\/199780\/"},"modified":"2026-06-10T08:24:10","modified_gmt":"2026-06-10T08:24:10","slug":"oskar-lehemaa-voin-siiamaani-kinos-pixari-animatsioonide-peale-nutta-film-2","status":"publish","type":"post","link":"https:\/\/www.europesays.com\/ee\/199780\/","title":{"rendered":"Oskar Lehemaa: v\u00f5in siiamaani kinos Pixari animatsioonide peale nutta | Film"},"content":{"rendered":"<p>Re\u017eiss\u00f6\u00f6r Oskar Lehemaa, kes arendab praegu oma t\u00e4ispikka deb\u00fc\u00fcti &#8220;S\u00fcnd&#8221;, \u00fctles Klassikaraadio &#8220;Deltas&#8221;, et suure \u00f5udusfilmif\u00e4nnina vaatab ta siiani hea meelega ka vahvaid lastefilme.<\/p>\n<p>Lehemaa k\u00e4e all on viimasel ajal valminud kaks v\u00e4ga eriilmeliselt projekti: \u00fchelt poolt pere noorematele vaatajatele m\u00f5eldud &#8220;Kadunud sokid&#8221;, teisalt l\u00fchi\u00f5udusfilm &#8220;Karv&#8221;. Re\u017eiss\u00f6\u00f6ri s\u00f5nul n\u00e4itab see, millised filmid talle endale meeldivad. &#8220;Ma v\u00f5in vaadata v\u00e4ga vahvaid lastekaid siiamaani t\u00e4iskasvanud mehena, saada v\u00e4ga toreda emotsiooni ja nutta kinos Pixari filmide peale.&#8221;<\/p>\n<p>Tema armastus nukufilmitehnika vastu sai aga alguse Wallace&#8217;ist ja Gromitist. &#8220;V\u00f5isin olla viie-kuue aastane, kui n\u00e4gin kineskooptelekast Wallace&#8217;i ja Gromoti esimest seiklust, kus nad l\u00e4hevad kuu peale, kui j\u00e4rgmised osad on \u00fcsna lihvitud, siis see esimene osa on veel konarlik ja natukene hirmus ka, kui peategelasi ajab pliit taga.&#8221;<\/p>\n<p>Nukufilm &#8220;Kadunud sokid&#8221; on Oskar Lehemaa s\u00f5nul leidnud oma publiku ning tal on \u00f5nnestunud sellega ka festivalidel r\u00e4nnata. &#8220;Midagi selles filmis \u00f5nnestus v\u00e4ga h\u00e4sti tabada, sest film on saanud paark\u00fcmmend publikuauhinda just nendelt mudilastelt, kes seda festivalil vaatavad,&#8221; \u00fctles ta ja lisas, et tahaks v\u00e4ga veel nukufilme teha. &#8220;Praegu ei ole minu sulest \u00fchtki lastefilmi tulemas, p\u00e4rast &#8220;Kadunud sokke&#8221; l\u00fclitasin tagasi m\u00e4ngu- ja \u00f5udusfilmi peale.&#8221;<\/p>\n<p>End suureks \u00f5udusfilmif\u00e4nniks pidav Lehemaa on aastate jooksul m\u00f5istnud, et \u00f5udusfilmide \u00fcmber olev kogukond on fantastiline. &#8220;Just \u00f5udusfilmif\u00e4nnid on need, kes tulevad kost\u00fc\u00fcmis kohale, on superentusiastlikud, vaatavad sinu j\u00e4rge ka ning j\u00e4lgivad su tegemisi,&#8221; \u00fctles ta ja lisas, et \u00fcks hea \u00f5udusfilm peab olema \u00f5udne. &#8220;See on esimene asi, kui mina l\u00e4hen vaatajana kinno ja keegi \u00fctleb, et on kom\u00f6\u00f6dia, siis peab olema naljakas ning kui keegi \u00fctleb \u00f5udusfilm, siis peab olema ka \u00f5udne.&#8221;<\/p>\n<p>Hetkel t\u00f6\u00f6tab ta oma esimese t\u00e4ispika linalooga &#8220;S\u00fcnd&#8221;. &#8220;Esimesest kritseldusest, mis ma selle filmi teemal tegin, v\u00f5ib olla kaks-kolm-neli aastat,&#8221; t\u00f5des ta ja lisas, et ta peab tuleviku jaoks t\u00e4pselt selle hetke \u00e4ra fikseerima, millal k\u00f5ik alguse sai. &#8220;Viimane aasta on olnud v\u00e4ga konkreetne tegemine.&#8221;<\/p>\n<p>Re\u017eiss\u00f6\u00f6ri s\u00f5nul r\u00e4\u00e4gib film paarikesest, kes on m\u00f5nda aega proovinud last saada, aga ei ole \u00f5nnestunud rasedaks j\u00e4\u00e4da. &#8220;Enne kunstliku viljastamise proovimist teevad \u00fche p\u00f6\u00f6rase ja natuke veidra katsetuse, nad leiavad \u00fche viljakusrituaali, mida viib l\u00e4bi \u00fcks ekstsentrilie perekond s\u00fcgaval-s\u00fcgaval metsas.&#8221;<\/p>\n<p>&#8220;Kes on n\u00e4inud v\u00e4hemalt \u00fchte \u00f5udusfilmi elus, need v\u00f5ivad aimata, et asjad l\u00e4hevad seal halvasti,&#8221; selgitas ta ja lisas, et see muutub elu ja surma peale v\u00f5itluseks. &#8220;See on ennek\u00f5ike keha\u00f5udus, aga ma segan sinna sisse ka tubli annuse folk\u00f5udust ning kui ma r\u00e4\u00e4gime keha\u00f5udusest, siis seal on ka ala\u017eanr nagu rasedus\u00f5udus, v\u00f5ib \u00f6elda, et kehavedelikke hakkab seal voolama igas suunas.&#8221;<\/p>\n<p>Praegu k\u00e4ib eelt\u00f6\u00f6 filmiga t\u00e4istuuridel. &#8220;Praegu olengi just tegemast storyboard&#8217;i ehk piltstsenaariumit, mis minu jaoks on \u00fcks lemmikprotsesse filmi juures \u00fcldse, samal ajal k\u00f5ik osakonnad valmistavad oma asju ette, suvel hakkame v\u00f5ttekohti otsima ning praegu koos produtsent Evelin Penttil\u00e4ga tegeleme sellega, et filmile leida rahastust, mis on \u00fcsna komplitseeritud protsess.&#8221;<\/p>\n<p>P\u00f5hjusel, et rahastus on hetkel veel lahtine, ei julge Lehemaa veel lubada, millal film t\u00e4pselt vaatajate ette j\u00f5uab. Oluliseks verstapostiks sel teekonnal on aga Frontieres kaastootmisturg Prantsusmaal, mis tema s\u00f5nul valideerib nende filmi v\u00e4\u00e4rtust rahvusvahelise publiku silmis. &#8220;See on maailma juhtiv \u017eanrifilmide turg, ma natukene vaatasin ka, et \u00fcle 190 erineva projekti p\u00fcrgis sinna eri kategooriates ja p\u00f5hiprogrammi, kuhu meie kuulume, valiti 20 filmi.&#8221;<\/p>\n","protected":false},"excerpt":{"rendered":"Re\u017eiss\u00f6\u00f6r Oskar Lehemaa, kes arendab praegu oma t\u00e4ispikka deb\u00fc\u00fcti &#8220;S\u00fcnd&#8221;, \u00fctles Klassikaraadio &#8220;Deltas&#8221;, et suure \u00f5udusfilmif\u00e4nnina vaatab ta&hellip;\n","protected":false},"author":2,"featured_media":199776,"comment_status":"","ping_status":"","sticky":false,"template":"","format":"standard","meta":{"footnotes":"","_share_on_mastodon":"0"},"categories":[16],"tags":[26418,37,33,35,173,34,36,208,2822,83437,3161,140,8967,2821],"class_list":["post-199780","post","type-post","status-publish","format-standard","has-post-thumbnail","category-meelelahutus","tag-delta","tag-ee","tag-eesti","tag-eesti-keel","tag-entertainment","tag-estonia","tag-estonian","tag-film","tag-kadunud-sokid","tag-karv","tag-klassikaraadio","tag-meelelahutus","tag-nukufilm","tag-oskar-lehemaa"],"share_on_mastodon":{"url":"https:\/\/pubeurope.com\/@ee\/116724856580169256","error":""},"_links":{"self":[{"href":"https:\/\/www.europesays.com\/ee\/wp-json\/wp\/v2\/posts\/199780","targetHints":{"allow":["GET"]}}],"collection":[{"href":"https:\/\/www.europesays.com\/ee\/wp-json\/wp\/v2\/posts"}],"about":[{"href":"https:\/\/www.europesays.com\/ee\/wp-json\/wp\/v2\/types\/post"}],"author":[{"embeddable":true,"href":"https:\/\/www.europesays.com\/ee\/wp-json\/wp\/v2\/users\/2"}],"replies":[{"embeddable":true,"href":"https:\/\/www.europesays.com\/ee\/wp-json\/wp\/v2\/comments?post=199780"}],"version-history":[{"count":0,"href":"https:\/\/www.europesays.com\/ee\/wp-json\/wp\/v2\/posts\/199780\/revisions"}],"wp:featuredmedia":[{"embeddable":true,"href":"https:\/\/www.europesays.com\/ee\/wp-json\/wp\/v2\/media\/199776"}],"wp:attachment":[{"href":"https:\/\/www.europesays.com\/ee\/wp-json\/wp\/v2\/media?parent=199780"}],"wp:term":[{"taxonomy":"category","embeddable":true,"href":"https:\/\/www.europesays.com\/ee\/wp-json\/wp\/v2\/categories?post=199780"},{"taxonomy":"post_tag","embeddable":true,"href":"https:\/\/www.europesays.com\/ee\/wp-json\/wp\/v2\/tags?post=199780"}],"curies":[{"name":"wp","href":"https:\/\/api.w.org\/{rel}","templated":true}]}}