{"id":199795,"date":"2026-06-10T08:38:06","date_gmt":"2026-06-10T08:38:06","guid":{"rendered":"https:\/\/www.europesays.com\/ee\/199795\/"},"modified":"2026-06-10T08:38:06","modified_gmt":"2026-06-10T08:38:06","slug":"roov-lati-rongis-%e2%9f%a9-reisija-rundas-kontrolori-ja-pogenes-saagiga","status":"publish","type":"post","link":"https:\/\/www.europesays.com\/ee\/199795\/","title":{"rendered":"R\u00d6\u00d6V L\u00c4TI RONGIS \u27e9 Reisija r\u00fcndas kontrol\u00f6ri ja p\u00f5genes saagiga"},"content":{"rendered":"<p>L\u00e4tis tungis reisija rongis piletikontrol\u00f6rile kallale ning r\u00f6\u00f6vis koti raha ja t\u00f6\u00f6vahenditega, teatas ava\u00f5iguslik meedia (LSM). R\u00f6\u00f6v leidis aset 6. juuni s\u00fcda\u00f6\u00f6 paiku Riia-\u0136emeri liinil.<\/p>\n<p>Rongifirma t\u00f6\u00f6tajad puutuvad aeg-ajalt kokku agressiivsete reisijatega, kuid ettev\u00f5tte Vivi s\u00f5nul on nii t\u00f5sine v\u00e4givald esmakordne. Vigastatud reisisaatja viibib praeguseni haiglaravil.<\/p>\n","protected":false},"excerpt":{"rendered":"L\u00e4tis tungis reisija rongis piletikontrol\u00f6rile kallale ning r\u00f6\u00f6vis koti raha ja t\u00f6\u00f6vahenditega, teatas ava\u00f5iguslik meedia (LSM). R\u00f6\u00f6v leidis&hellip;\n","protected":false},"author":2,"featured_media":199796,"comment_status":"","ping_status":"","sticky":false,"template":"","format":"standard","meta":{"footnotes":"","_share_on_mastodon":"0"},"categories":[80],"tags":[26,27,37,33,35,34,36,31,32,21,1200,28,29,114,95,19,25,1313,23,24,22,20,30,92,93,94],"class_list":["post-199795","post","type-post","status-publish","format-standard","has-post-thumbnail","category-maailm","tag-breaking-news","tag-breakingnews","tag-ee","tag-eesti","tag-eesti-keel","tag-estonia","tag-estonian","tag-featured-news","tag-featurednews","tag-headlines","tag-kuritegevus","tag-latest-news","tag-latestnews","tag-lati","tag-maailm","tag-news","tag-populaarseimad-lood","tag-raudtee","tag-top-stories","tag-topstories","tag-uldised-uudised","tag-uudised","tag-viimased-uudised","tag-world","tag-world-news","tag-worldnews"],"share_on_mastodon":{"url":"https:\/\/pubeurope.com\/@ee\/116724911482535870","error":""},"_links":{"self":[{"href":"https:\/\/www.europesays.com\/ee\/wp-json\/wp\/v2\/posts\/199795","targetHints":{"allow":["GET"]}}],"collection":[{"href":"https:\/\/www.europesays.com\/ee\/wp-json\/wp\/v2\/posts"}],"about":[{"href":"https:\/\/www.europesays.com\/ee\/wp-json\/wp\/v2\/types\/post"}],"author":[{"embeddable":true,"href":"https:\/\/www.europesays.com\/ee\/wp-json\/wp\/v2\/users\/2"}],"replies":[{"embeddable":true,"href":"https:\/\/www.europesays.com\/ee\/wp-json\/wp\/v2\/comments?post=199795"}],"version-history":[{"count":0,"href":"https:\/\/www.europesays.com\/ee\/wp-json\/wp\/v2\/posts\/199795\/revisions"}],"wp:featuredmedia":[{"embeddable":true,"href":"https:\/\/www.europesays.com\/ee\/wp-json\/wp\/v2\/media\/199796"}],"wp:attachment":[{"href":"https:\/\/www.europesays.com\/ee\/wp-json\/wp\/v2\/media?parent=199795"}],"wp:term":[{"taxonomy":"category","embeddable":true,"href":"https:\/\/www.europesays.com\/ee\/wp-json\/wp\/v2\/categories?post=199795"},{"taxonomy":"post_tag","embeddable":true,"href":"https:\/\/www.europesays.com\/ee\/wp-json\/wp\/v2\/tags?post=199795"}],"curies":[{"name":"wp","href":"https:\/\/api.w.org\/{rel}","templated":true}]}}