{"id":199879,"date":"2026-06-10T10:16:16","date_gmt":"2026-06-10T10:16:16","guid":{"rendered":"https:\/\/www.europesays.com\/ee\/199879\/"},"modified":"2026-06-10T10:16:16","modified_gmt":"2026-06-10T10:16:16","slug":"rahvusooper-estonia-esineb-jargmisel-aastal-soome-tuntuimal-ooperifestivalil-teater","status":"publish","type":"post","link":"https:\/\/www.europesays.com\/ee\/199879\/","title":{"rendered":"Rahvusooper Estonia esineb j\u00e4rgmisel aastal Soome tuntuimal ooperifestivalil | Teater"},"content":{"rendered":"<p>Soomes toimuva Savonlinna ooperifestivali v\u00e4lisk\u00fclalisena astub j\u00e4rgmisel aastal \u00fcles Rahvusooper Estonia, tuues p\u00f5hjanaabrite publiku ette Bizet&#8217; ooperi &#8220;Carmen&#8221;. <\/p>\n<p>Savonlinna festivali peetakse Soome rahvusvaheliselt tuntuimaks kultuuris\u00fcndmuseks, mis t\u00e4histab 2027. aasta juulis 115 aasta juubelit. Sel puhul toob festival lavale Umberto Giordano ooperip\u00f5neviku &#8220;Andrea Ch\u00e9nier&#8221;, samuti on kavas &#8220;Sevilla habemeajaja&#8221; ja &#8220;V\u00f5lufl\u00f6\u00f6t&#8221;.<\/p>\n<p>Rahvusooper Estonia, kes oli 1987. aastal Savonlinna ooperifestivali esimene rahvusvaheline k\u00fclalisteater, toob Olavinlinna lavale Prantsuse lavastaja Pierre-Emmanuel Rousseau&#8217; k\u00e4e all 2024. aastal Estonias esietendunud &#8220;Carmeni&#8221; lavastuse. Rahvusooperi etendusi dirigeerib teatri loominguline juht ja peadirigent Arvo Volmer.<\/p>\n<p>Rahvusooper Estonia peadirektor\u00a0Ott Maaten s\u00f5nas, et Estonia jaoks on kutse Savonlinna m\u00e4rk, et teatrit ja selle kvaliteeti on rahvusvaheliselt m\u00e4rgatud. &#8220;On ju tegemist maailma \u00fche tuntuima festivaliga, mille tegevust on tunnustatud ka rahvusvahelise ooperiauhinnaga,&#8221; r\u00f5\u00f5mustas ta. <\/p>\n<p>Festivali juhi\u00a0Ville Matvejeffi\u00a0s\u00f5nul on 2027. aastal p\u00f5hjust kolmekordseks t\u00e4histamiseks.<\/p>\n<p>&#8220;115 aastat tagasi asutas Soome ooperi alustala, sopran Aino Ackt\u00e9 Savonlinna ooperifestivali, 60 aastat tagasi taask\u00e4ivitati festival p\u00e4rast pikka pausi\u00a0ja 40 aastat tagasi ehk 1987. aastal oli festivali esimene rahvusvaheline k\u00fclalisteater just Estonia teater Tallinnast, mis n\u00fc\u00fcd naaseb t\u00e4histama k\u00fclalisetenduste 40-aastast ajalugu,&#8221; lausus ta.<\/p>\n","protected":false},"excerpt":{"rendered":"Soomes toimuva Savonlinna ooperifestivali v\u00e4lisk\u00fclalisena astub j\u00e4rgmisel aastal \u00fcles Rahvusooper Estonia, tuues p\u00f5hjanaabrite publiku ette Bizet&#8217; ooperi &#8220;Carmen&#8221;.&hellip;\n","protected":false},"author":2,"featured_media":199880,"comment_status":"","ping_status":"","sticky":false,"template":"","format":"standard","meta":{"footnotes":"","_share_on_mastodon":"0"},"categories":[16],"tags":[10141,37,33,35,173,34,36,140,1789,83462],"class_list":["post-199879","post","type-post","status-publish","format-standard","has-post-thumbnail","category-meelelahutus","tag-carmen","tag-ee","tag-eesti","tag-eesti-keel","tag-entertainment","tag-estonia","tag-estonian","tag-meelelahutus","tag-rahvusooper-estonia","tag-savonlinna-ooperifestival"],"share_on_mastodon":{"url":"https:\/\/pubeurope.com\/@ee\/116725296796459589","error":""},"_links":{"self":[{"href":"https:\/\/www.europesays.com\/ee\/wp-json\/wp\/v2\/posts\/199879","targetHints":{"allow":["GET"]}}],"collection":[{"href":"https:\/\/www.europesays.com\/ee\/wp-json\/wp\/v2\/posts"}],"about":[{"href":"https:\/\/www.europesays.com\/ee\/wp-json\/wp\/v2\/types\/post"}],"author":[{"embeddable":true,"href":"https:\/\/www.europesays.com\/ee\/wp-json\/wp\/v2\/users\/2"}],"replies":[{"embeddable":true,"href":"https:\/\/www.europesays.com\/ee\/wp-json\/wp\/v2\/comments?post=199879"}],"version-history":[{"count":0,"href":"https:\/\/www.europesays.com\/ee\/wp-json\/wp\/v2\/posts\/199879\/revisions"}],"wp:featuredmedia":[{"embeddable":true,"href":"https:\/\/www.europesays.com\/ee\/wp-json\/wp\/v2\/media\/199880"}],"wp:attachment":[{"href":"https:\/\/www.europesays.com\/ee\/wp-json\/wp\/v2\/media?parent=199879"}],"wp:term":[{"taxonomy":"category","embeddable":true,"href":"https:\/\/www.europesays.com\/ee\/wp-json\/wp\/v2\/categories?post=199879"},{"taxonomy":"post_tag","embeddable":true,"href":"https:\/\/www.europesays.com\/ee\/wp-json\/wp\/v2\/tags?post=199879"}],"curies":[{"name":"wp","href":"https:\/\/api.w.org\/{rel}","templated":true}]}}