{"id":199881,"date":"2026-06-10T10:17:09","date_gmt":"2026-06-10T10:17:09","guid":{"rendered":"https:\/\/www.europesays.com\/ee\/199881\/"},"modified":"2026-06-10T10:17:09","modified_gmt":"2026-06-10T10:17:09","slug":"pikk-intervjuu-%e2%9f%a9-kossutiimi-juht-johan-karp-pole-uldse-valistatud-et-parnu-mangib-peagi-esiliigas","status":"publish","type":"post","link":"https:\/\/www.europesays.com\/ee\/199881\/","title":{"rendered":"PIKK INTERVJUU \u27e9 Kossutiimi juht Johan K\u00e4rp: Pole \u00fcldse v\u00e4listatud, et P\u00e4rnu m\u00e4ngib peagi esiliigas"},"content":{"rendered":"<p>Vaata kust otsast tahes, P\u00e4rnu korvpallimeeskonna hooaeg l\u00e4ks taas n\u00e4ssu. Jah, Tartule pakuti vinge seeria, aga viimaks j\u00e4\u00e4di ikka t\u00fchjade pihkudega ja nii pikenes medalip\u00f5ud kolme aastani. Meeskonna juht Johan K\u00e4rp vaatas pikas intervjuus hooajale tagasi ja tunnistas, et vigu sai t\u00f5epoolest tehtud.<\/p>\n<p>Kuigi m\u00e4ned\u017eer on varemgi sellist juttu ajanud, r\u00e4\u00e4kis ta n\u00fc\u00fcd t\u00f5simeeli, et kui ta ei suuda l\u00e4hiaastail meeskonna eelarves h\u00fcpet teha, siis talle aitab. Kodused konkurendid, n\u00e4iteks TalTech ja Tartu, panevad sellise hooga eest \u00e4ra, et medalitele pretendeerimine muutub j\u00e4rjest raskemaks ja sabas s\u00f6rkimine K\u00e4rpi ei eruta.<\/p>\n<p>Olgu mis oli ja tulgu l\u00e4hiaastail mis tuleb, praegu on olulisim see, et karavan p\u00f5rutab edasi \u2013 K\u00e4rp ja P\u00e4rnu j\u00e4tkavad tippseltskonnas. Tiimis tehakse leegion\u00e4ride seas suurpuhastus ja juba on kahe uue v\u00e4lismaalasega k\u00e4edki l\u00f6\u00f6dud. Ja seni, kuni K\u00e4rp asja ajab, j\u00e4tkatakse nagu aamen kirikus eurosarjaski.<\/p>\n<p>Kuigi eestvedaja ei julge enam iial medalit lubada, paotas 54aastane mees, et kui l\u00f5viosa sihikul m\u00e4ngijatest k\u00e4tte saadakse, on P\u00e4rnul igal juhul k\u00f5vem sats kui mullu.<\/p>\n<p>Kahe kossus\u00f5bra poolteisetunnine vestlus kulges sinavormis, sest neid jutte on aetud juba k\u00fcmmekond aastat. Usutlus toimus p\u00fchap\u00e4eval, 7. juunil.<\/p>\n<p>Johan, p\u00e4ev p\u00e4rast pronksiseeria ja hooaja l\u00f5ppu panid oma Papsaare maja \u2013 sellesama, mille verandal praegu istume \u2013 395 000 euroga m\u00fc\u00fcki. Mu esimene m\u00f5te oli, et klubijuhil on n\u00e4pud p\u00f5hjas ja jama majas, vaja kodu maha m\u00fc\u00fca, et kossuasja edasi ajada.<\/p>\n<p>K\u00f5ik m\u00f5tlesid nii: mis n\u00fc\u00fcd juhtus!?<\/p>\n<p>\u00d5nneks pole need omavahel seotud. Mul oli maja m\u00fc\u00fck juba ammu plaanis, aga j\u00e4in natuke hiljaks. Meil on lapsed juba pesast v\u00e4lja lennanud: kahele inimesele, mulle ja Marikkale, pole nii suurt maja vaja. Ostsin tegelikult juba ammu maale mere \u00e4\u00e4rde v\u00e4iksed maat\u00fckid. Ehitame n\u00fc\u00fcd pisikese maja Selistele. L\u00e4hemegi sinna, kui see maja m\u00fc\u00fcdud saab.<\/p>\n","protected":false},"excerpt":{"rendered":"Vaata kust otsast tahes, P\u00e4rnu korvpallimeeskonna hooaeg l\u00e4ks taas n\u00e4ssu. Jah, Tartule pakuti vinge seeria, aga viimaks j\u00e4\u00e4di&hellip;\n","protected":false},"author":2,"featured_media":199882,"comment_status":"","ping_status":"","sticky":false,"template":"","format":"standard","meta":{"footnotes":"","_share_on_mastodon":"0"},"categories":[18],"tags":[37,33,35,34,36,5544,3535,3510,72387,159,158,3511],"class_list":["post-199881","post","type-post","status-publish","format-standard","has-post-thumbnail","category-sport","tag-ee","tag-eesti","tag-eesti-keel","tag-estonia","tag-estonian","tag-gert-kullamae","tag-johan-karp","tag-kristjan-evart","tag-parnu-korvpallimeeskond","tag-sport","tag-sports","tag-transcom-parnu"],"share_on_mastodon":{"url":"https:\/\/pubeurope.com\/@ee\/116725300882909239","error":""},"_links":{"self":[{"href":"https:\/\/www.europesays.com\/ee\/wp-json\/wp\/v2\/posts\/199881","targetHints":{"allow":["GET"]}}],"collection":[{"href":"https:\/\/www.europesays.com\/ee\/wp-json\/wp\/v2\/posts"}],"about":[{"href":"https:\/\/www.europesays.com\/ee\/wp-json\/wp\/v2\/types\/post"}],"author":[{"embeddable":true,"href":"https:\/\/www.europesays.com\/ee\/wp-json\/wp\/v2\/users\/2"}],"replies":[{"embeddable":true,"href":"https:\/\/www.europesays.com\/ee\/wp-json\/wp\/v2\/comments?post=199881"}],"version-history":[{"count":0,"href":"https:\/\/www.europesays.com\/ee\/wp-json\/wp\/v2\/posts\/199881\/revisions"}],"wp:featuredmedia":[{"embeddable":true,"href":"https:\/\/www.europesays.com\/ee\/wp-json\/wp\/v2\/media\/199882"}],"wp:attachment":[{"href":"https:\/\/www.europesays.com\/ee\/wp-json\/wp\/v2\/media?parent=199881"}],"wp:term":[{"taxonomy":"category","embeddable":true,"href":"https:\/\/www.europesays.com\/ee\/wp-json\/wp\/v2\/categories?post=199881"},{"taxonomy":"post_tag","embeddable":true,"href":"https:\/\/www.europesays.com\/ee\/wp-json\/wp\/v2\/tags?post=199881"}],"curies":[{"name":"wp","href":"https:\/\/api.w.org\/{rel}","templated":true}]}}