{"id":199903,"date":"2026-06-10T10:40:21","date_gmt":"2026-06-10T10:40:21","guid":{"rendered":"https:\/\/www.europesays.com\/ee\/199903\/"},"modified":"2026-06-10T10:40:21","modified_gmt":"2026-06-10T10:40:21","slug":"kas-itaalia-ja-belgia-u17-koondised-saaksid-levadia-meeskonnale-vastu-soccernet-ee","status":"publish","type":"post","link":"https:\/\/www.europesays.com\/ee\/199903\/","title":{"rendered":"Kas Itaalia ja Belgia U17 koondised saaksid Levadia meeskonnale vastu? &#8211; Soccernet.ee"},"content":{"rendered":"<p><img decoding=\"async\" src=\"https:\/\/www.europesays.com\/ee\/wp-content\/uploads\/2026\/06\/1780987568.jpg\" alt=\"Tallinnas toimunud U17 EM-i finaal Belgia ja Itaalia vahel. Foto: Brit Maria Tael\"\/>&#13;\n<\/p>\n<p>Markus J\u00fcrgensoni hinnangul ei saaks U17 EM-i finaalis m\u00e4nginud Itaalia ja Belgia noortekoondised Tallinna Levadia esindusmeeskonnale vastu. Seda r\u00e4\u00e4kis ta Soccernet.ee taskuh\u00e4\u00e4lingu &#8220;Pikk ette (ja ise j\u00e4rele)&#8221; 378. saates.<\/p>\n<p>&#8220;Ma ei taha \u00f6elda, et U17 EM oli mingi lambiturniir, kindlasti mitte, aga olgem ausad, see oli ikkagi lasteturniir. Eriti arvan ma nii p\u00e4rast finaali vaatamist. Seda m\u00e4ngu vaadates m\u00f5tlesin, kas need pundid saaksid n\u00e4iteks t\u00e4nasele Levadiale vastu. Arvan, et ei saaks. F\u00fc\u00fcsilises m\u00f5ttes on nad ikkagi lapsed. Vanuses 17-19 toimub ilmselt mingi suurem muutus,&#8221; s\u00f5nas J\u00fcrgenson.&#13;\n<\/p>\n<p>&#8220;Aga m\u00e4ng oli \u00e4ge! Poistel on juba k\u00f5ik pikaliviskamiste ja kakelungide asjad selged. M\u00e4nguliselt oli ka \u00e4ge. Finaal oli k\u00fcll pisut rohkem lastejalgpall, kui ma oleksin arvanud, aga sealt tuleb maailma jalgpalli p\u00e4ris kihvte kujusid.&#8221;&#13;\n<\/p>\n<p>Raul Ojassaar \u00fctles: &#8220;Eks siis viie aasta p\u00e4rast saab juba tagasi vaadata ja mingeid kokkuv\u00f5tteid teha, et kes on kuskile j\u00f5udnud.&#8221;<\/p>\n<p>&#8220;Kui mitte varem,&#8221; lisas J\u00fcrgenson.&#13;\n<\/p>\n<p>U17 EM-i finaalis j\u00e4i peale Itaalia, kes tuli Tallinnas A. Le Coq Arenal 7027 pealtvaataja ees Belgia vastu 90+1. minutil kaotusseisust v\u00e4lja ja v\u00f5itis j\u00e4rgnenud penaltiseeria.&#13;\n<\/p>\n<p>&#8220;\u00c4kki nelja aasta p\u00e4rast saab Itaalia siis \u00fcle pika aja meeste MM-ile! Arvestades seda, et samas vanuseklassis v\u00f5itis Itaalia ka kaks aastat tagasi,&#8221; \u00fctles Kris Ilves. Seepeale torkas Ojassaar:\u00a0&#8220;Nad v\u00f5itsid isegi meestes EM-i, aga ikka ei saanud MM-ile.&#8221;&#13;\n<\/p>\n<p>Esikohamat\u0161i kokkuv\u00f5tteks lisas veel J\u00fcrgenson: &#8220;Tundus, et finaalile j\u00e4ttis oma pitseri see, et 14 p\u00e4eva jooksul m\u00e4ngiti 5 m\u00e4ngu. Eriti Itaalia tundus mulle 90 minuti v\u00e4ltel v\u00e4sinud. Belglased olid kuidagi suutnud rohkem v\u00e4rskust hoida. Et lisaaega ei tulnud, on ka m\u00e4rk sellest, et sellises vanuses poisid pole v\u00f5ib-olla f\u00fc\u00fcsiliselt veel nii tihedaks graafikuks valmis.&#8221;<\/p>\n<p>T\u00e4ispikk &#8220;Pikk ette (ja ise j\u00e4rele)&#8221; 378. saade:&#13;<\/p>\n","protected":false},"excerpt":{"rendered":"&#13; Markus J\u00fcrgensoni hinnangul ei saaks U17 EM-i finaalis m\u00e4nginud Itaalia ja Belgia noortekoondised Tallinna Levadia esindusmeeskonnale vastu.&hellip;\n","protected":false},"author":2,"featured_media":199904,"comment_status":"","ping_status":"","sticky":false,"template":"","format":"standard","meta":{"footnotes":"","_share_on_mastodon":"0"},"categories":[18],"tags":[81785,37,33,35,34,36,1684,7364,13623,80418,66673,9035,9037,49116,5971,5972,13624,16157,159,158,13625,63605,63606,81573],"class_list":["post-199903","post","type-post","status-publish","format-standard","has-post-thumbnail","category-sport","tag-belgia-u17","tag-ee","tag-eesti","tag-eesti-keel","tag-estonia","tag-estonian","tag-ilves","tag-itaalia-u17","tag-jurgenson","tag-kodune-em","tag-kodune-em-finaalturniir","tag-kris-ilves","tag-markus-jurgenson","tag-ojassaar","tag-pikk-ette","tag-pikk-ette-ja-ise-jarele","tag-podcast","tag-raul-ojassaar","tag-sport","tag-sports","tag-taskuhaaling","tag-u17-em","tag-u17-em-finaalturniir","tag-u17-finaalturniir"],"share_on_mastodon":{"url":"https:\/\/pubeurope.com\/@ee\/116725391592793713","error":""},"_links":{"self":[{"href":"https:\/\/www.europesays.com\/ee\/wp-json\/wp\/v2\/posts\/199903","targetHints":{"allow":["GET"]}}],"collection":[{"href":"https:\/\/www.europesays.com\/ee\/wp-json\/wp\/v2\/posts"}],"about":[{"href":"https:\/\/www.europesays.com\/ee\/wp-json\/wp\/v2\/types\/post"}],"author":[{"embeddable":true,"href":"https:\/\/www.europesays.com\/ee\/wp-json\/wp\/v2\/users\/2"}],"replies":[{"embeddable":true,"href":"https:\/\/www.europesays.com\/ee\/wp-json\/wp\/v2\/comments?post=199903"}],"version-history":[{"count":0,"href":"https:\/\/www.europesays.com\/ee\/wp-json\/wp\/v2\/posts\/199903\/revisions"}],"wp:featuredmedia":[{"embeddable":true,"href":"https:\/\/www.europesays.com\/ee\/wp-json\/wp\/v2\/media\/199904"}],"wp:attachment":[{"href":"https:\/\/www.europesays.com\/ee\/wp-json\/wp\/v2\/media?parent=199903"}],"wp:term":[{"taxonomy":"category","embeddable":true,"href":"https:\/\/www.europesays.com\/ee\/wp-json\/wp\/v2\/categories?post=199903"},{"taxonomy":"post_tag","embeddable":true,"href":"https:\/\/www.europesays.com\/ee\/wp-json\/wp\/v2\/tags?post=199903"}],"curies":[{"name":"wp","href":"https:\/\/api.w.org\/{rel}","templated":true}]}}