{"id":19997,"date":"2025-10-15T09:42:07","date_gmt":"2025-10-15T09:42:07","guid":{"rendered":"https:\/\/www.europesays.com\/ee\/19997\/"},"modified":"2025-10-15T09:42:07","modified_gmt":"2025-10-15T09:42:07","slug":"videod-%e2%9f%a9-usa-president-flirtis-itaalia-peaministriga-nii-ilus-noor-naine","status":"publish","type":"post","link":"https:\/\/www.europesays.com\/ee\/19997\/","title":{"rendered":"VIDEOD \u27e9 USA president flirtis Itaalia peaministriga: nii ilus noor naine"},"content":{"rendered":"<p>Teiste seas olid kohal nii 79-aastane USA president Donald Trump, keda peetakse Gaza rahu sepistamise taga olijaks kui 48-aastane Itaalia peaminister Giorgia Meloni, kes on varemgi Trumpile silma j\u00e4\u00e4nud.<\/p>\n<p>Trump flirtis Meloniga ja kiitis teda oma k\u00f5nes kui ilusat noort naist. Kaamera j\u00e4\u00e4dvustas USA presidendi ilme, kui ta seda \u00fctles. Itaalia peaminister manas n\u00e4ole naeratuse.<\/p>\n","protected":false},"excerpt":{"rendered":"Teiste seas olid kohal nii 79-aastane USA president Donald Trump, keda peetakse Gaza rahu sepistamise taga olijaks kui&hellip;\n","protected":false},"author":2,"featured_media":19998,"comment_status":"","ping_status":"","sticky":false,"template":"","format":"standard","meta":{"footnotes":"","_share_on_mastodon":"0"},"categories":[80],"tags":[587,26,27,324,37,33,35,34,36,31,32,620,2368,21,109,993,28,29,95,54,19,25,11699,23,24,22,20,30,92,93,94],"class_list":["post-19997","post","type-post","status-publish","format-standard","has-post-thumbnail","category-maailm","tag-ameerika-uhendriigid","tag-breaking-news","tag-breakingnews","tag-donald-trump","tag-ee","tag-eesti","tag-eesti-keel","tag-estonia","tag-estonian","tag-featured-news","tag-featurednews","tag-gaza","tag-giorgia-meloni","tag-headlines","tag-itaalia","tag-keir-starmer","tag-latest-news","tag-latestnews","tag-maailm","tag-nato","tag-news","tag-populaarseimad-lood","tag-punane","tag-top-stories","tag-topstories","tag-uldised-uudised","tag-uudised","tag-viimased-uudised","tag-world","tag-world-news","tag-worldnews"],"share_on_mastodon":{"url":"","error":""},"_links":{"self":[{"href":"https:\/\/www.europesays.com\/ee\/wp-json\/wp\/v2\/posts\/19997","targetHints":{"allow":["GET"]}}],"collection":[{"href":"https:\/\/www.europesays.com\/ee\/wp-json\/wp\/v2\/posts"}],"about":[{"href":"https:\/\/www.europesays.com\/ee\/wp-json\/wp\/v2\/types\/post"}],"author":[{"embeddable":true,"href":"https:\/\/www.europesays.com\/ee\/wp-json\/wp\/v2\/users\/2"}],"replies":[{"embeddable":true,"href":"https:\/\/www.europesays.com\/ee\/wp-json\/wp\/v2\/comments?post=19997"}],"version-history":[{"count":0,"href":"https:\/\/www.europesays.com\/ee\/wp-json\/wp\/v2\/posts\/19997\/revisions"}],"wp:featuredmedia":[{"embeddable":true,"href":"https:\/\/www.europesays.com\/ee\/wp-json\/wp\/v2\/media\/19998"}],"wp:attachment":[{"href":"https:\/\/www.europesays.com\/ee\/wp-json\/wp\/v2\/media?parent=19997"}],"wp:term":[{"taxonomy":"category","embeddable":true,"href":"https:\/\/www.europesays.com\/ee\/wp-json\/wp\/v2\/categories?post=19997"},{"taxonomy":"post_tag","embeddable":true,"href":"https:\/\/www.europesays.com\/ee\/wp-json\/wp\/v2\/tags?post=19997"}],"curies":[{"name":"wp","href":"https:\/\/api.w.org\/{rel}","templated":true}]}}