{"id":200028,"date":"2026-06-10T13:03:16","date_gmt":"2026-06-10T13:03:16","guid":{"rendered":"https:\/\/www.europesays.com\/ee\/200028\/"},"modified":"2026-06-10T13:03:16","modified_gmt":"2026-06-10T13:03:16","slug":"mm-iks-valmistuvat-inglismaa-jalgpallikoondist-raputas-floridas-viimase-150-aasta-tugevaim-maavarin","status":"publish","type":"post","link":"https:\/\/www.europesays.com\/ee\/200028\/","title":{"rendered":"MM-iks valmistuvat Inglismaa jalgpallikoondist raputas Floridas viimase 150 aasta tugevaim maav\u00e4rin"},"content":{"rendered":"<p>Inglismaa jalgpallikoondis on neil p\u00e4evil valmistumas 17. juunil toimuvaks MM-i avam\u00e4nguks Horvaatiaga Florida osariigis West Palm Beachil. Teisip\u00e4eval raputas piirkonda koguni 6,1-magnituudine maav\u00e4rin, mis sai alguse Kuuba rannikult, kuid mida oli tunda terves Florida osariigis, sealhulgas <a rel=\"noopener nofollow\" target=\"_blank\" href=\"https:\/\/www.delfi.ee\/teema\/27270951\/miami\" tag-id=\"27270951\">Miamis<\/a> ja <a rel=\"noopener nofollow\" target=\"_blank\" href=\"https:\/\/www.delfi.ee\/teema\/41926429\/orlando\" tag-id=\"41926429\">Orlandos<\/a>.<\/p>\n<p>Daily Maili teatel evakueeriti Orlandos ja Miamis mitmetest hoonetest inimesed, kuna oli oht nende kokku varisemiseks. Viimaste teadete kohaselt maav\u00e4rin siiski suuremad kahjusid ega ei tekitanud. Samuti pole teateid vigastatutest.<\/p>\n<p>Tegemist oli viimase 150 aasta tugevaima maav\u00e4rinaga, mis on Florida osariiki tabanud. Viimati tabas piirkonda sedav\u00f5rd tugev maav\u00e4rin 1880. aastal, toona sai see alguse Kuubalt San Cristobali l\u00e4histelt ja oli 6-magnituudine <\/p>\n<p>Inglismaa jalgpallikoondis laagerdab Miamist tunnise autos\u00f5idu kaugusel. Briti meedia teatel oli nende peatumispaigas West Palm Beachil tunda maav\u00e4rina tugevaid j\u00e4relt\u00f5ukeid.<\/p>\n<p>Inglismaa peab MM-i avam\u00e4ngu Horvaatiaga 17. juunil Kansas Citys. Enne seda kohtutakse kolmap\u00e4eval Orlandos viimases ettevalmistusm\u00e4ngus Costa Ricaga.<\/p>\n<p>Kuidas see lugu Sind end tundma pani? Saada <a href=\"https:\/\/sport.delfi.ee\/artikkel\/120589848\/mm-iks-valmistuvat-inglismaa-jalgpallikoondist-raputas-floridas-viimase-150-aasta-tugevaim-maavarin\/kommentaarid\" class=\"article-body-bottom__comment article-body-bottom__comment--write button button--primary button--size-auto\" rel=\"nofollow noopener\" target=\"_blank\"> Kommenteeri <\/a><a href=\"https:\/\/sport.delfi.ee\/artikkel\/120589848\/mm-iks-valmistuvat-inglismaa-jalgpallikoondist-raputas-floridas-viimase-150-aasta-tugevaim-maavarin\/kommentaarid\" class=\"article-body-bottom__comment article-body-bottom__comment--read button button--size-auto\" rel=\"nofollow noopener\" target=\"_blank\"> Loe kommentaare (3)<\/a><\/p>\n","protected":false},"excerpt":{"rendered":"Inglismaa jalgpallikoondis on neil p\u00e4evil valmistumas 17. juunil toimuvaks MM-i avam\u00e4nguks Horvaatiaga Florida osariigis West Palm Beachil. Teisip\u00e4eval&hellip;\n","protected":false},"author":2,"featured_media":200029,"comment_status":"","ping_status":"","sticky":false,"template":"","format":"standard","meta":{"footnotes":"","_share_on_mastodon":"0"},"categories":[18],"tags":[37,33,35,34,36,13212,7517,7036,1056,9156,11743,159,158],"class_list":["post-200028","post","type-post","status-publish","format-standard","has-post-thumbnail","category-sport","tag-ee","tag-eesti","tag-eesti-keel","tag-estonia","tag-estonian","tag-florida","tag-inglismaa-jalgpallikoondis","tag-jalgpalli-mm","tag-maavarin","tag-miami","tag-orlando","tag-sport","tag-sports"],"share_on_mastodon":{"url":"https:\/\/pubeurope.com\/@ee\/116725953821184671","error":""},"_links":{"self":[{"href":"https:\/\/www.europesays.com\/ee\/wp-json\/wp\/v2\/posts\/200028","targetHints":{"allow":["GET"]}}],"collection":[{"href":"https:\/\/www.europesays.com\/ee\/wp-json\/wp\/v2\/posts"}],"about":[{"href":"https:\/\/www.europesays.com\/ee\/wp-json\/wp\/v2\/types\/post"}],"author":[{"embeddable":true,"href":"https:\/\/www.europesays.com\/ee\/wp-json\/wp\/v2\/users\/2"}],"replies":[{"embeddable":true,"href":"https:\/\/www.europesays.com\/ee\/wp-json\/wp\/v2\/comments?post=200028"}],"version-history":[{"count":0,"href":"https:\/\/www.europesays.com\/ee\/wp-json\/wp\/v2\/posts\/200028\/revisions"}],"wp:featuredmedia":[{"embeddable":true,"href":"https:\/\/www.europesays.com\/ee\/wp-json\/wp\/v2\/media\/200029"}],"wp:attachment":[{"href":"https:\/\/www.europesays.com\/ee\/wp-json\/wp\/v2\/media?parent=200028"}],"wp:term":[{"taxonomy":"category","embeddable":true,"href":"https:\/\/www.europesays.com\/ee\/wp-json\/wp\/v2\/categories?post=200028"},{"taxonomy":"post_tag","embeddable":true,"href":"https:\/\/www.europesays.com\/ee\/wp-json\/wp\/v2\/tags?post=200028"}],"curies":[{"name":"wp","href":"https:\/\/api.w.org\/{rel}","templated":true}]}}