{"id":200159,"date":"2026-06-10T15:29:19","date_gmt":"2026-06-10T15:29:19","guid":{"rendered":"https:\/\/www.europesays.com\/ee\/200159\/"},"modified":"2026-06-10T15:29:19","modified_gmt":"2026-06-10T15:29:19","slug":"reisija-noudis-hilinenud-pagasi-eest-suurt-huvitist-komisjon-karpis-summa-kordi-vaiksemaks-2","status":"publish","type":"post","link":"https:\/\/www.europesays.com\/ee\/200159\/","title":{"rendered":"Reisija n\u00f5udis hilinenud pagasi eest suurt h\u00fcvitist, komisjon k\u00e4rpis summa kordi v\u00e4iksemaks"},"content":{"rendered":"<p>Hilinenud pagas v\u00f5ib reisijatele kaasa tuua nii ebamugavusi kui ka ootamatuid lisakulutusi. Kui vajalikud riided ja tarbeesemed \u00f5igel ajal kohale ei j\u00f5ua, kerkib sageli k\u00fcsimus, kui palju peab tekkinud kuludest h\u00fcvitama lennufirma. Just sellist vaidlust lahendas tarbijavaidluste komisjon, kui reisijad n\u00f5udsid lennufirmalt enam kui 1500 euro suurust h\u00fcvitist.<\/p>\n","protected":false},"excerpt":{"rendered":"Hilinenud pagas v\u00f5ib reisijatele kaasa tuua nii ebamugavusi kui ka ootamatuid lisakulutusi. Kui vajalikud riided ja tarbeesemed \u00f5igel&hellip;\n","protected":false},"author":2,"featured_media":78569,"comment_status":"","ping_status":"","sticky":false,"template":"","format":"standard","meta":{"footnotes":"","_share_on_mastodon":"0"},"categories":[14],"tags":[29074,131,130,37,33,35,34,36,83493,1764,65234,1768,83495,83496,83494,12847],"class_list":["post-200159","post","type-post","status-publish","format-standard","has-post-thumbnail","category-ari","tag-air-baltic","tag-ari","tag-business","tag-ee","tag-eesti","tag-eesti-keel","tag-estonia","tag-estonian","tag-hilinenud-pagas","tag-huvitis","tag-lennufirma-vastutus","tag-lennureis","tag-lennureisija-oigused","tag-montreali-konventsioon","tag-pagasikahju","tag-tarbijavaidluste-komisjon"],"share_on_mastodon":{"url":"https:\/\/pubeurope.com\/@ee\/116726527682273805","error":""},"_links":{"self":[{"href":"https:\/\/www.europesays.com\/ee\/wp-json\/wp\/v2\/posts\/200159","targetHints":{"allow":["GET"]}}],"collection":[{"href":"https:\/\/www.europesays.com\/ee\/wp-json\/wp\/v2\/posts"}],"about":[{"href":"https:\/\/www.europesays.com\/ee\/wp-json\/wp\/v2\/types\/post"}],"author":[{"embeddable":true,"href":"https:\/\/www.europesays.com\/ee\/wp-json\/wp\/v2\/users\/2"}],"replies":[{"embeddable":true,"href":"https:\/\/www.europesays.com\/ee\/wp-json\/wp\/v2\/comments?post=200159"}],"version-history":[{"count":0,"href":"https:\/\/www.europesays.com\/ee\/wp-json\/wp\/v2\/posts\/200159\/revisions"}],"wp:featuredmedia":[{"embeddable":true,"href":"https:\/\/www.europesays.com\/ee\/wp-json\/wp\/v2\/media\/78569"}],"wp:attachment":[{"href":"https:\/\/www.europesays.com\/ee\/wp-json\/wp\/v2\/media?parent=200159"}],"wp:term":[{"taxonomy":"category","embeddable":true,"href":"https:\/\/www.europesays.com\/ee\/wp-json\/wp\/v2\/categories?post=200159"},{"taxonomy":"post_tag","embeddable":true,"href":"https:\/\/www.europesays.com\/ee\/wp-json\/wp\/v2\/tags?post=200159"}],"curies":[{"name":"wp","href":"https:\/\/api.w.org\/{rel}","templated":true}]}}