{"id":200160,"date":"2026-06-10T15:30:17","date_gmt":"2026-06-10T15:30:17","guid":{"rendered":"https:\/\/www.europesays.com\/ee\/200160\/"},"modified":"2026-06-10T15:30:17","modified_gmt":"2026-06-10T15:30:17","slug":"inflatsioon-tousis-kolme-aasta-rekordini-pohjuseks-just-see","status":"publish","type":"post","link":"https:\/\/www.europesays.com\/ee\/200160\/","title":{"rendered":"Inflatsioon t\u00f5usis kolme aasta rekordini, p\u00f5hjuseks just see"},"content":{"rendered":"<p>USA hinnat\u00f5us kogub taas hoogu, t\u00f5stes nii poliitikute kui ka tavaliste tarbijate \u00e4revust. Mais kiirenes inflatsioon m\u00e4rgatavalt, samal ajal kui energiahinnad k\u00f5iguvad ja tollitariifid hoiavad survet \u00fcleval.<\/p>\n<p>Mida see t\u00e4hendab f\u00f6deraalreservi j\u00e4rgmiste otsuste, laenukulude ja palkade ostuj\u00f5u jaoks? Ja kui kaugele v\u00f5ib inflatsioon enne sekkumist lasta minna \u2013 kas ees ootab pehme korrigeerimine v\u00f5i j\u00e4rsem pidurit\u00f5mme?<\/p>\n","protected":false},"excerpt":{"rendered":"USA hinnat\u00f5us kogub taas hoogu, t\u00f5stes nii poliitikute kui ka tavaliste tarbijate \u00e4revust. Mais kiirenes inflatsioon m\u00e4rgatavalt, samal&hellip;\n","protected":false},"author":2,"featured_media":200161,"comment_status":"","ping_status":"","sticky":false,"template":"","format":"standard","meta":{"footnotes":"","_share_on_mastodon":"0"},"categories":[80],"tags":[26,27,324,37,33,35,34,36,31,32,21,3722,3592,28,29,95,19,25,6488,23,24,22,41354,20,30,92,93,94],"class_list":["post-200160","post","type-post","status-publish","format-standard","has-post-thumbnail","category-maailm","tag-breaking-news","tag-breakingnews","tag-donald-trump","tag-ee","tag-eesti","tag-eesti-keel","tag-estonia","tag-estonian","tag-featured-news","tag-featurednews","tag-headlines","tag-inflatsioon","tag-kutusehind","tag-latest-news","tag-latestnews","tag-maailm","tag-news","tag-populaarseimad-lood","tag-tarbijahinnaindeks","tag-top-stories","tag-topstories","tag-uldised-uudised","tag-usa-foderaalreserv","tag-uudised","tag-viimased-uudised","tag-world","tag-world-news","tag-worldnews"],"share_on_mastodon":{"url":"https:\/\/pubeurope.com\/@ee\/116726531709768501","error":""},"_links":{"self":[{"href":"https:\/\/www.europesays.com\/ee\/wp-json\/wp\/v2\/posts\/200160","targetHints":{"allow":["GET"]}}],"collection":[{"href":"https:\/\/www.europesays.com\/ee\/wp-json\/wp\/v2\/posts"}],"about":[{"href":"https:\/\/www.europesays.com\/ee\/wp-json\/wp\/v2\/types\/post"}],"author":[{"embeddable":true,"href":"https:\/\/www.europesays.com\/ee\/wp-json\/wp\/v2\/users\/2"}],"replies":[{"embeddable":true,"href":"https:\/\/www.europesays.com\/ee\/wp-json\/wp\/v2\/comments?post=200160"}],"version-history":[{"count":0,"href":"https:\/\/www.europesays.com\/ee\/wp-json\/wp\/v2\/posts\/200160\/revisions"}],"wp:featuredmedia":[{"embeddable":true,"href":"https:\/\/www.europesays.com\/ee\/wp-json\/wp\/v2\/media\/200161"}],"wp:attachment":[{"href":"https:\/\/www.europesays.com\/ee\/wp-json\/wp\/v2\/media?parent=200160"}],"wp:term":[{"taxonomy":"category","embeddable":true,"href":"https:\/\/www.europesays.com\/ee\/wp-json\/wp\/v2\/categories?post=200160"},{"taxonomy":"post_tag","embeddable":true,"href":"https:\/\/www.europesays.com\/ee\/wp-json\/wp\/v2\/tags?post=200160"}],"curies":[{"name":"wp","href":"https:\/\/api.w.org\/{rel}","templated":true}]}}