{"id":200244,"date":"2026-06-10T17:32:11","date_gmt":"2026-06-10T17:32:11","guid":{"rendered":"https:\/\/www.europesays.com\/ee\/200244\/"},"modified":"2026-06-10T17:32:11","modified_gmt":"2026-06-10T17:32:11","slug":"milline-room-%e2%9f%a9-karl-madis-saab-kihlatuga-peagi-teise-lapse-koigepealt-lapse-sund-ja-siis-pulmad","status":"publish","type":"post","link":"https:\/\/www.europesays.com\/ee\/200244\/","title":{"rendered":"MILLINE R\u00d5\u00d5M! \u27e9 Karl Madis saab kihlatuga peagi teise lapse. \u00abK\u00f5igepealt lapse s\u00fcnd ja siis pulmad.\u00bb"},"content":{"rendered":"<p>Kolm aastat tagasi s\u00fcndis t\u00e4naseks 66-aastasel muusikul Karl Madisel ja tema noorel kihlatul Maris Susil esimene laps. T\u00e4na kinnitab muusik kuuldust, et t\u00f5epoolest on nad kallimaga teist last ootamas.<\/p>\n<p>Karl Madise 29-aastane kihlatu Maris Susi jagas oma privaatsel kontol pilte kasvavast beebik\u00f5hust. P\u00e4ikeseloojangu taustal poseeriv Susi hoiab k\u00e4tega kasvavat beebik\u00f5htu.<\/p>\n","protected":false},"excerpt":{"rendered":"Kolm aastat tagasi s\u00fcndis t\u00e4naseks 66-aastasel muusikul Karl Madisel ja tema noorel kihlatul Maris Susil esimene laps. T\u00e4na&hellip;\n","protected":false},"author":2,"featured_media":47845,"comment_status":"","ping_status":"","sticky":false,"template":"","format":"standard","meta":{"footnotes":"","_share_on_mastodon":"0"},"categories":[16],"tags":[37,33,35,65898,173,34,36,21398,83508,21401,140,1565],"class_list":["post-200244","post","type-post","status-publish","format-standard","has-post-thumbnail","category-meelelahutus","tag-ee","tag-eesti","tag-eesti-keel","tag-eesti-muusik","tag-entertainment","tag-estonia","tag-estonian","tag-karl-madis","tag-lapsevanemlus","tag-maris-susi","tag-meelelahutus","tag-perekond"],"share_on_mastodon":{"url":"https:\/\/pubeurope.com\/@ee\/116727011634563470","error":""},"_links":{"self":[{"href":"https:\/\/www.europesays.com\/ee\/wp-json\/wp\/v2\/posts\/200244","targetHints":{"allow":["GET"]}}],"collection":[{"href":"https:\/\/www.europesays.com\/ee\/wp-json\/wp\/v2\/posts"}],"about":[{"href":"https:\/\/www.europesays.com\/ee\/wp-json\/wp\/v2\/types\/post"}],"author":[{"embeddable":true,"href":"https:\/\/www.europesays.com\/ee\/wp-json\/wp\/v2\/users\/2"}],"replies":[{"embeddable":true,"href":"https:\/\/www.europesays.com\/ee\/wp-json\/wp\/v2\/comments?post=200244"}],"version-history":[{"count":0,"href":"https:\/\/www.europesays.com\/ee\/wp-json\/wp\/v2\/posts\/200244\/revisions"}],"wp:featuredmedia":[{"embeddable":true,"href":"https:\/\/www.europesays.com\/ee\/wp-json\/wp\/v2\/media\/47845"}],"wp:attachment":[{"href":"https:\/\/www.europesays.com\/ee\/wp-json\/wp\/v2\/media?parent=200244"}],"wp:term":[{"taxonomy":"category","embeddable":true,"href":"https:\/\/www.europesays.com\/ee\/wp-json\/wp\/v2\/categories?post=200244"},{"taxonomy":"post_tag","embeddable":true,"href":"https:\/\/www.europesays.com\/ee\/wp-json\/wp\/v2\/tags?post=200244"}],"curies":[{"name":"wp","href":"https:\/\/api.w.org\/{rel}","templated":true}]}}