{"id":200355,"date":"2026-06-10T20:12:15","date_gmt":"2026-06-10T20:12:15","guid":{"rendered":"https:\/\/www.europesays.com\/ee\/200355\/"},"modified":"2026-06-10T20:12:15","modified_gmt":"2026-06-10T20:12:15","slug":"hinded-balti-turniiri-voitnud-eesti-koondislastele-delfi-sport","status":"publish","type":"post","link":"https:\/\/www.europesays.com\/ee\/200355\/","title":{"rendered":"Hinded Balti turniiri v\u00f5itnud Eesti koondislastele &#8211; Delfi Sport"},"content":{"rendered":"<ol>\n<li><a href=\"https:\/\/news.google.com\/rss\/articles\/CBMilwFBVV95cUxPX2FxYy1IaUY5d0VpaklYMGJvb1J1WWp3MUNiNnYxal9OVUJ2VG82NzBKOEEzOXBDdVlabTRqM29OeG9LVE93OFNxOXBMMXB2Skp5OGVVZllvaF9xeGdNQ21OTkVYeVY0Q2hfOXdXVXJZNEpUUkxiRmtNbkpEWHc5NG11ZC10aHUwZ0FNRDFyQnh6OHhGdDkw?oc=5\" target=\"_blank\" rel=\"nofollow noopener\">Hinded Balti turniiri v\u00f5itnud Eesti koondislastele<\/a>&nbsp;&nbsp;Delfi Sport<\/li>\n<li><a href=\"https:\/\/news.google.com\/rss\/articles\/CBMiSkFVX3lxTE1QbzNId3pJYVpreDBpRGlXUnl2anl1MEtoWHJaYk51YzlYOGxLQjRXTXVFSlVrY1ZLempLRHdxYmNIN0wwNU1RbGRR?oc=5\" target=\"_blank\" rel=\"nofollow noopener\">BLOGI JA FOTOD | Eesti koondis krooniti taas Balti turniiri v\u00f5itjaks. Hein: me ei v\u00f5itnud MM-i, aga tegime suure sammu tuleviku suunas<\/a>&nbsp;&nbsp;Delfi Sport<\/li>\n<li><a href=\"https:\/\/news.google.com\/rss\/articles\/CBMi4gFBVV95cUxPeE5CUVBRYjU3cUxlWC02VjZhajhydE5mNWgxVkNyZHdpdV9lYU5WeTF1OXVnR0Nqd0Nsc0FEd0Q3TEhKUlVoMl84NTl1V1hWcDQ1NHRCMHYybk5LZ3EwZWFwTHhXcjM2VnRwRGZnLUxfZXRPc1hoLVY4S0RCWnUyVlIyZGkzNFVIOFVIaERsN1BRcE9rUl9wNFZKSTJzZkc4UVpfVU9DMFNCVGtaMG9ZcHh1bFl6VGc2MnhKMGEzOGFjcWtDNHZoNjZwN2tXX2RrS0dJTzUzSnhtU1pnOUZNS3pB?oc=5\" target=\"_blank\" rel=\"nofollow noopener\">Eesti sangariks kerkinud noor r\u00fcndaja oli haruldaselt enesekriitiline: \u201eOleksin pidanud j\u00e4\u00e4ma professionaalseks.\u201c<\/a>&nbsp;&nbsp;\u00d5htuleht<\/li>\n<li><a href=\"https:\/\/news.google.com\/rss\/articles\/CBMipwFBVV95cUxNRWNtc3luZUgtQWR4YmJ1aTN3dVNYRG9RMzlqd2g1VklLUFhjb3VMVGVuR095Y0gyVVdLVFhiVFU3MzNaSkF3QVJnckhlbmtOQVhNQjhDdFpkeGh2Y2ptajZJdk9MUnRpazVJUEVNVm5LSDFQYmxTRmllN0ZLR3lFVGRLalF6LVBPeGFmN3IyV1VnbjZkbXMxdm45YUVJZUhmTDg0LUstVQ?oc=5\" target=\"_blank\" rel=\"nofollow noopener\">LOE J\u00c4RELE: Mustmaa deb\u00fc\u00fctv\u00e4rav murdis Leedu ja Eesti kaitses Balti karikat!<\/a>&nbsp;&nbsp;Soccernet.ee<\/li>\n<li><a href=\"https:\/\/news.google.com\/rss\/articles\/CBMihgFBVV95cUxNWUNSbmJSVmt1eTIwaWZ6UFVpUGI4Q0w2STZRaENJTk50NHRlZ1hTX2JKU1JnaHptY2Z2aE1FOHFHWFZENVAtYWR3QXF0TW5hbi1Ca09adExJSGdPeXJIemZOVnB3aC1nOFNKZjNkemRBXzRvVktwck1xVURYVzFxR2xPcDRVQQ?oc=5\" target=\"_blank\" rel=\"nofollow noopener\">Eesti v\u00f5itis Balti turniiri teist korda j\u00e4rjest<\/a>&nbsp;&nbsp;sport | ERR<\/li>\n<\/ol>\n","protected":false},"excerpt":{"rendered":"Hinded Balti turniiri v\u00f5itnud Eesti koondislastele&nbsp;&nbsp;Delfi Sport BLOGI JA FOTOD | Eesti koondis krooniti taas Balti turniiri v\u00f5itjaks.&hellip;\n","protected":false},"author":2,"featured_media":200356,"comment_status":"","ping_status":"","sticky":false,"template":"","format":"standard","meta":{"footnotes":"","_share_on_mastodon":"0"},"categories":[5],"tags":[27159,26,27,37,33,35,39425,34,36,31,32,21,2816,28,29,38522,19,25,23,24,22,20,30],"class_list":["post-200355","post","type-post","status-publish","format-standard","has-post-thumbnail","category-uldised-uudised","tag-andres-oper","tag-breaking-news","tag-breakingnews","tag-ee","tag-eesti","tag-eesti-keel","tag-eigo-kaljurand","tag-estonia","tag-estonian","tag-featured-news","tag-featurednews","tag-headlines","tag-jalgpallistuudio","tag-latest-news","tag-latestnews","tag-madis-kalvet","tag-news","tag-populaarseimad-lood","tag-top-stories","tag-topstories","tag-uldised-uudised","tag-uudised","tag-viimased-uudised"],"share_on_mastodon":{"url":"https:\/\/pubeurope.com\/@ee\/116727640398382188","error":""},"_links":{"self":[{"href":"https:\/\/www.europesays.com\/ee\/wp-json\/wp\/v2\/posts\/200355","targetHints":{"allow":["GET"]}}],"collection":[{"href":"https:\/\/www.europesays.com\/ee\/wp-json\/wp\/v2\/posts"}],"about":[{"href":"https:\/\/www.europesays.com\/ee\/wp-json\/wp\/v2\/types\/post"}],"author":[{"embeddable":true,"href":"https:\/\/www.europesays.com\/ee\/wp-json\/wp\/v2\/users\/2"}],"replies":[{"embeddable":true,"href":"https:\/\/www.europesays.com\/ee\/wp-json\/wp\/v2\/comments?post=200355"}],"version-history":[{"count":0,"href":"https:\/\/www.europesays.com\/ee\/wp-json\/wp\/v2\/posts\/200355\/revisions"}],"wp:featuredmedia":[{"embeddable":true,"href":"https:\/\/www.europesays.com\/ee\/wp-json\/wp\/v2\/media\/200356"}],"wp:attachment":[{"href":"https:\/\/www.europesays.com\/ee\/wp-json\/wp\/v2\/media?parent=200355"}],"wp:term":[{"taxonomy":"category","embeddable":true,"href":"https:\/\/www.europesays.com\/ee\/wp-json\/wp\/v2\/categories?post=200355"},{"taxonomy":"post_tag","embeddable":true,"href":"https:\/\/www.europesays.com\/ee\/wp-json\/wp\/v2\/tags?post=200355"}],"curies":[{"name":"wp","href":"https:\/\/api.w.org\/{rel}","templated":true}]}}