{"id":200442,"date":"2026-06-10T23:17:08","date_gmt":"2026-06-10T23:17:08","guid":{"rendered":"https:\/\/www.europesays.com\/ee\/200442\/"},"modified":"2026-06-10T23:17:08","modified_gmt":"2026-06-10T23:17:08","slug":"usa-alustas-runnakuid-mitmete-sihtmarkide-vastu-iraanis","status":"publish","type":"post","link":"https:\/\/www.europesays.com\/ee\/200442\/","title":{"rendered":"USA alustas r\u00fcnnakuid mitmete sihtm\u00e4rkide vastu Iraanis"},"content":{"rendered":"<p>CENTCOMi postituses \u00f6eldi, et <a rel=\"noopener nofollow\" target=\"_blank\" href=\"https:\/\/www.delfi.ee\/teema\/96884768\/runnakud\" tag-id=\"96884768\">r\u00fcnnakud<\/a> on vastuseks Iraani p\u00f5hjendamatule ja j\u00e4tkuvale agressioonile. USA samm j\u00e4rgneb Trumpi varasemale hoiatusele, et USA kavatseb taas r\u00fcnnata Iraani v\u00e4ga karmilt, eskaleerides oma avalikke \u00e4hvardusi.<\/p>\n<p>\u201eMe andsime neile eile k\u00f5va l\u00f6\u00f6gi ja anname neile t\u00e4na uuesti k\u00f5va l\u00f6\u00f6gi,\u201c \u00fctles Trump Valges Majas toimunud allkirjastamis\u00fcritusel. \u201eMe r\u00fcndame neid ja r\u00fcndame neid v\u00e4ga k\u00f5vasti.\u201c<\/p>\n<p>Samuti avaldas ta Iraanile survet s\u00f5ja l\u00f5petamise kokkuleppe s\u00f5lmimiseks, lisades, et USA soovib sisukat ja toimivat kokkulepet. \u201eEks n\u00e4e, mis sellest tehingust saab,\u201c \u00fctles Trump.<\/p>\n<p>Vastuseks Trumpi avaldusele \u00e4hvardas Iraani parlamendi julgeolekukomisjoni juht Ebrahim Azizi sotsiaalv\u00f5rgustikus X avaldatud postituses, et seekord ei piirduks s\u00f5da vaid P\u00e4rsia lahe piirkonnaga.<\/p>\n<p>Pinged USA ja Iraani vahel eskaleerusid teisip\u00e4eval p\u00e4rast seda, kui Hormuzi v\u00e4ina l\u00e4hedal kukkus alla USA r\u00fcndekopter Apache. Trump s\u00fc\u00fcdistas Iraani kopteri alla tulistamises ja lubas sellele vastata. J\u00e4rgmisel \u00f6\u00f6l viis USA l\u00e4bi uusi r\u00fcnnakuid Iraani vastu. Iraan pole kopteri allatulistamise eest otseselt vastutust v\u00f5tnud.<\/p>\n<p>Kuidas see lugu Sind end tundma pani? Saada <a href=\"https:\/\/www.delfi.ee\/artikkel\/120590071\/usa-alustas-runnakuid-mitmete-sihtmarkide-vastu-iraanis\/kommentaarid\" class=\"article-body-bottom__comment article-body-bottom__comment--write button button--primary button--size-auto\" rel=\"nofollow noopener\" target=\"_blank\"> Kommenteeri <\/a><a href=\"https:\/\/www.delfi.ee\/artikkel\/120590071\/usa-alustas-runnakuid-mitmete-sihtmarkide-vastu-iraanis\/kommentaarid\" class=\"article-body-bottom__comment article-body-bottom__comment--read button button--size-auto\" rel=\"nofollow noopener\" target=\"_blank\"> Loe kommentaare <\/a><\/p>\n","protected":false},"excerpt":{"rendered":"CENTCOMi postituses \u00f6eldi, et r\u00fcnnakud on vastuseks Iraani p\u00f5hjendamatule ja j\u00e4tkuvale agressioonile. USA samm j\u00e4rgneb Trumpi varasemale hoiatusele,&hellip;\n","protected":false},"author":2,"featured_media":200443,"comment_status":"","ping_status":"","sticky":false,"template":"","format":"standard","meta":{"footnotes":"","_share_on_mastodon":"0"},"categories":[80],"tags":[26,27,47337,324,37,33,35,34,36,31,32,21,1925,28,29,95,19,25,36752,23,24,22,325,20,30,92,93,94],"class_list":["post-200442","post","type-post","status-publish","format-standard","has-post-thumbnail","category-maailm","tag-breaking-news","tag-breakingnews","tag-centcom","tag-donald-trump","tag-ee","tag-eesti","tag-eesti-keel","tag-estonia","tag-estonian","tag-featured-news","tag-featurednews","tag-headlines","tag-iraan","tag-latest-news","tag-latestnews","tag-maailm","tag-news","tag-populaarseimad-lood","tag-runnakud","tag-top-stories","tag-topstories","tag-uldised-uudised","tag-usa","tag-uudised","tag-viimased-uudised","tag-world","tag-world-news","tag-worldnews"],"share_on_mastodon":{"url":"https:\/\/pubeurope.com\/@ee\/116728367824801177","error":""},"_links":{"self":[{"href":"https:\/\/www.europesays.com\/ee\/wp-json\/wp\/v2\/posts\/200442","targetHints":{"allow":["GET"]}}],"collection":[{"href":"https:\/\/www.europesays.com\/ee\/wp-json\/wp\/v2\/posts"}],"about":[{"href":"https:\/\/www.europesays.com\/ee\/wp-json\/wp\/v2\/types\/post"}],"author":[{"embeddable":true,"href":"https:\/\/www.europesays.com\/ee\/wp-json\/wp\/v2\/users\/2"}],"replies":[{"embeddable":true,"href":"https:\/\/www.europesays.com\/ee\/wp-json\/wp\/v2\/comments?post=200442"}],"version-history":[{"count":0,"href":"https:\/\/www.europesays.com\/ee\/wp-json\/wp\/v2\/posts\/200442\/revisions"}],"wp:featuredmedia":[{"embeddable":true,"href":"https:\/\/www.europesays.com\/ee\/wp-json\/wp\/v2\/media\/200443"}],"wp:attachment":[{"href":"https:\/\/www.europesays.com\/ee\/wp-json\/wp\/v2\/media?parent=200442"}],"wp:term":[{"taxonomy":"category","embeddable":true,"href":"https:\/\/www.europesays.com\/ee\/wp-json\/wp\/v2\/categories?post=200442"},{"taxonomy":"post_tag","embeddable":true,"href":"https:\/\/www.europesays.com\/ee\/wp-json\/wp\/v2\/tags?post=200442"}],"curies":[{"name":"wp","href":"https:\/\/api.w.org\/{rel}","templated":true}]}}