{"id":200502,"date":"2026-06-11T04:02:08","date_gmt":"2026-06-11T04:02:08","guid":{"rendered":"https:\/\/www.europesays.com\/ee\/200502\/"},"modified":"2026-06-11T04:02:08","modified_gmt":"2026-06-11T04:02:08","slug":"justiitsministeerium-tahab-volgnikele-rohkem-raha-katte-jatta-majandus","status":"publish","type":"post","link":"https:\/\/www.europesays.com\/ee\/200502\/","title":{"rendered":"Justiitsministeerium tahab v\u00f5lgnikele rohkem raha k\u00e4tte j\u00e4tta | Majandus"},"content":{"rendered":"<p>Justiits- ja digiministeerium on v\u00e4lja saatnud t\u00e4itemenetluse seadustiku muutmise v\u00e4ljat\u00f6\u00f6tamiskavatsuse, mis j\u00e4taks v\u00f5lgnikele senisest rohkem raha k\u00e4tte, motiveerides neid nii ametlikult t\u00f6\u00f6tama.<\/p>\n<p>Eestis on justiitsministeeriumi andmetel 100\u00a0000 v\u00f5lgnikku, kes on v\u00f5lgu umbes 20\u00a0000 inimesele ja ettev\u00f5ttele. Justiitsministeerium tahab \u00fchelt poolt h\u00f5lbustada sissen\u00f5udmisprotsessi, teisalt parandada v\u00f5lgnike kaitset.<\/p>\n<p>N\u00e4iteks kui v\u00f5lgnik teeniks alla alampalga ehk 946 euro kuus, peetaks tema sissetulekult kinni 94,6 eurot. Sissetulekult \u00fche ja kahe alampalga vahel peetaks kinni 94,6 \u2013567,6 eurot. Kahekordse palga alamm\u00e4\u00e4ra \u00fcletava sissetuleku puhul oleks arestitav summa \u00fcle 567,6 euro kuus.<\/p>\n<p>V\u00f5lgnike jaoks on suurim kavandatav muudatus neile alles j\u00e4\u00e4va sissetuleku arvutamise korra muutmine. Kui praegu on s\u00fcsteem v\u00f5lgniku jaoks v\u00f5rdlemisi keerukas, siis tulevikus v\u00f5iks rakenduda \u00fcldine protsent.<\/p>\n<p>Selleks on justiits- ja digiministeerium v\u00e4lja pakkunud vahemikud s\u00f5ltuvalt sissetulekust. Ettepaneku j\u00e4rgi v\u00f5iks alampalgast v\u00f5i sellest v\u00e4iksemast sissetulekust arestida 10 protsenti; 30 protsenti sissetulekust \u00fche ja kahe alampalga vahel ja 50 protsenti seda \u00fcletavast sissetulekust.<\/p>\n<p>Ministeeriumi hinnangul v\u00f5iks elatise sissen\u00f5udmise puhul protsent olla suurem, tagamaks selle efektiivsemat sissen\u00f5udmist.<\/p>\n<p>Tervikuna v\u00f5iks uus s\u00fcsteem teha olukorra k\u00f5igi jaoks selgemaks ja v\u00e4hendada osapoolte halduskulu taotluste tegemisel ja nende menetlemisel.<\/p>\n<p>Justiits- ja digiministeerium m\u00e4rgib, et selliselt v\u00f5iks v\u00f5lgnikele suurema t\u00f5en\u00e4osusega k\u00e4tte j\u00e4\u00e4da toimetulekuks vajalik raha.<\/p>\n<p>Samuti motiveeriks selline kord v\u00f5lgnikke seaduslikult t\u00f6\u00f6tama ja v\u00e4hendaks survet sissetuleku varjamiseks ning mustalt t\u00f6\u00f6tamiseks ja looks paremad eeldused v\u00f5lgade j\u00e4rjepidevaks tasumiseks.<\/p>\n<p>Praegune olukord, kus kinnispidamise m\u00e4\u00e4r on justkui k\u00f5rge, aga v\u00f5lgades inimesed t\u00f6\u00f6tavad mustalt v\u00f5i langevad t\u00f6\u00f6j\u00f5uturult \u00fcldse v\u00e4lja, ei ole justiits- ja digiministeeriumi hinnangul h\u00e4sti toimiv.<\/p>\n<p>Ka v\u00f5lgade sissen\u00f5udjad v\u00f5iksid ministeeriumi hinnangul muutusest v\u00f5ita, kuna n\u00f5uete t\u00e4itmine muutuks pikemas vaates stabiilsemaks ja realistlikumaks.<\/p>\n<p>&#8220;Kui v\u00f5lgnik p\u00fcsib ametlikul t\u00f6\u00f6turul ja ei kao varjatud majandusse, on suurem t\u00f5en\u00e4osus, et laekumised j\u00e4tkuvad korrap\u00e4raselt ning n\u00f5ue saab l\u00f5puks tegelikult t\u00e4idetud,&#8221; seisab v\u00e4ljat\u00f6\u00f6tamiskavatsuses.<\/p>\n<p>Samuti v\u00f5idaks kohtu- ja t\u00e4ites\u00fcsteem, millel ei oleks enam vaja tegeleda inimeste taotlustega aresti v\u00e4hendamisteks, selgitustega toimetuleku kohta v\u00f5i vaidlustustega kohtut\u00e4iturite toimingute osas.<\/p>\n<p>V\u00e4ljat\u00f6\u00f6tamiskavatsuse kohaselt v\u00f5iks arestivaba summa tagada vaid \u00fchel v\u00f5lgniku kontol, et v\u00e4hendada p\u00f5hjendamatut t\u00f6\u00f6- ja halduskoormust. Kui v\u00f5lgnikul on mitu kontot, arestitaks \u00fclej\u00e4\u00e4nud kontod t\u00e4ies ulatuses.<\/p>\n<p>Lisaks teeb ministeerium ettepaneku, et tulevikus ei peaks kolmandad isikud, peamiselt v\u00f5lgnike t\u00f6\u00f6andjad, enam suhtlema kohtut\u00e4ituritega ja tegelema arestimise aktidega, pidama nende j\u00e4rjestust ning v\u00e4ljamakseid kinni pidama.<\/p>\n<p>Nii kaua, kui t\u00f6\u00f6andja teeks makseid v\u00f5lgniku m\u00f5nele Eesti krediidiasutuses olevale kontole, oleks ta neist kohustustest vabastatud.<\/p>\n<p>Ministeeriumi kalkulatsioonide kohaselt on Eestis igal ajal t\u00e4itemenetluses 400\u00a0000 \u2013 500\u00a0000 t\u00e4iteasja umbes 90\u00a0000 v\u00f5lgniku suhtes, seega v\u00f5iks ettev\u00f5tjate halduskulu m\u00e4rgatavalt langeda.<\/p>\n<p>Samas kohustus kinnipidamiseks j\u00e4\u00e4ks, kui v\u00f5lgnik suunaks oma sissetulekud kolmandatele isikutele v\u00f5i v\u00e4lismaa pangakontodele.<\/p>\n<p>Kontolt v\u00f5etavate sissetulekute arvestusest j\u00e4\u00e4ksid ka uue korraga v\u00e4lja summad, mille kasusaajad on kolmandad isikud, n\u00e4iteks lapsetoetused.<\/p>\n<p>Lisaks sisaldab v\u00e4ljat\u00f6\u00f6tamiskava ka hulga muid v\u00e4iksemaid muudatusi.<\/p>\n<p>Kokkuv\u00f5tvalt hindab ministeerium, et s\u00fcsteem tervikuna v\u00f5iks muutuda lihtsamaks, arusaadavamaks ja k\u00f5igile soodsamaks.<\/p>\n<p>Justiitsministeerium alustas v\u00f5lgnike sissetulekute arestimise s\u00fcsteemi muutmist 2024. aastal osapooltelt sisendit kogudes. Ministeeriumi plaani kohaselt v\u00f5iks seaduseni j\u00f5uda j\u00e4rgmise aasta teisel poolaastal ja seaduse j\u00f5ustumiseni 2028. aastal.<\/p>\n","protected":false},"excerpt":{"rendered":"Justiits- ja digiministeerium on v\u00e4lja saatnud t\u00e4itemenetluse seadustiku muutmise v\u00e4ljat\u00f6\u00f6tamiskavatsuse, mis j\u00e4taks v\u00f5lgnikele senisest rohkem raha k\u00e4tte, motiveerides&hellip;\n","protected":false},"author":2,"featured_media":200503,"comment_status":"","ping_status":"","sticky":false,"template":"","format":"standard","meta":{"footnotes":"","_share_on_mastodon":"0"},"categories":[14],"tags":[131,130,37,33,35,34,36,58449,5209,83377,2860,1750,1409,29211,3293,14657],"class_list":["post-200502","post","type-post","status-publish","format-standard","has-post-thumbnail","category-ari","tag-ari","tag-business","tag-ee","tag-eesti","tag-eesti-keel","tag-estonia","tag-estonian","tag-jdm","tag-justiits-ja-digiministeerium","tag-kohtutaiturid","tag-liisa-pakosta","tag-oigus","tag-raha","tag-taitemenetlus","tag-volad","tag-volgnikud"],"share_on_mastodon":{"url":"https:\/\/pubeurope.com\/@ee\/116729488843728666","error":""},"_links":{"self":[{"href":"https:\/\/www.europesays.com\/ee\/wp-json\/wp\/v2\/posts\/200502","targetHints":{"allow":["GET"]}}],"collection":[{"href":"https:\/\/www.europesays.com\/ee\/wp-json\/wp\/v2\/posts"}],"about":[{"href":"https:\/\/www.europesays.com\/ee\/wp-json\/wp\/v2\/types\/post"}],"author":[{"embeddable":true,"href":"https:\/\/www.europesays.com\/ee\/wp-json\/wp\/v2\/users\/2"}],"replies":[{"embeddable":true,"href":"https:\/\/www.europesays.com\/ee\/wp-json\/wp\/v2\/comments?post=200502"}],"version-history":[{"count":0,"href":"https:\/\/www.europesays.com\/ee\/wp-json\/wp\/v2\/posts\/200502\/revisions"}],"wp:featuredmedia":[{"embeddable":true,"href":"https:\/\/www.europesays.com\/ee\/wp-json\/wp\/v2\/media\/200503"}],"wp:attachment":[{"href":"https:\/\/www.europesays.com\/ee\/wp-json\/wp\/v2\/media?parent=200502"}],"wp:term":[{"taxonomy":"category","embeddable":true,"href":"https:\/\/www.europesays.com\/ee\/wp-json\/wp\/v2\/categories?post=200502"},{"taxonomy":"post_tag","embeddable":true,"href":"https:\/\/www.europesays.com\/ee\/wp-json\/wp\/v2\/tags?post=200502"}],"curies":[{"name":"wp","href":"https:\/\/api.w.org\/{rel}","templated":true}]}}